{"id":1012,"date":"2026-04-08T13:25:00","date_gmt":"2026-04-08T13:25:00","guid":{"rendered":"https:\/\/www.iniciativasempresariales.com\/blog\/?p=1012"},"modified":"2026-04-07T11:28:40","modified_gmt":"2026-04-07T11:28:40","slug":"ma-y-private-equity","status":"publish","type":"post","link":"https:\/\/www.iniciativasempresariales.com\/blog\/index.php\/2026\/04\/08\/ma-y-private-equity\/","title":{"rendered":"M&amp;A y Private Equity"},"content":{"rendered":"\n<p>Autor del curso: <strong>Mar\u00eda Alicia Calvo Serna<\/strong><\/p>\n\n\n\n<h2 class=\"wp-block-heading\">M&amp;A y Private Equity: c\u00f3mo estructurar operaciones de inversi\u00f3n con visi\u00f3n estrat\u00e9gica y generar valor en todo el ciclo de la transacci\u00f3n<br><\/h2>\n\n\n\n<p>En un entorno empresarial donde el crecimiento, la consolidaci\u00f3n y la inversi\u00f3n exigen decisiones cada vez m\u00e1s sofisticadas, comprender el proceso completo de una operaci\u00f3n de M&amp;A con enfoque Private Equity es una ventaja competitiva clave. No se trata solo de comprar o vender una empresa, sino de analizar el contexto estrat\u00e9gico, formular una tesis de inversi\u00f3n s\u00f3lida, valorar correctamente la compa\u00f1\u00eda, ejecutar la transacci\u00f3n con rigor y dise\u00f1ar una estrategia clara de creaci\u00f3n de valor y desinversi\u00f3n.<\/p>\n\n\n\n<p>Muchas empresas y profesionales financieros afrontan estas operaciones sin una visi\u00f3n integral del proceso inversor. Eso puede generar errores en la valoraci\u00f3n, debilidades en la due diligence, problemas en la negociaci\u00f3n contractual o dificultades en la integraci\u00f3n y en la salida. Dominar este enfoque permite tomar decisiones m\u00e1s s\u00f3lidas, reducir riesgos y maximizar el retorno de la inversi\u00f3n.<\/p>\n\n\n\n<h2 class=\"wp-block-heading\">Los principales retos que enfrentan las empresas<\/h2>\n\n\n\n<ul class=\"wp-block-list\">\n<li>Dificultad para comprender el ciclo completo de una transacci\u00f3n de M&amp;A con enfoque Private Equity.<\/li>\n\n\n\n<li>Falta de criterios claros para construir y defender una tesis de inversi\u00f3n.<\/li>\n\n\n\n<li>Problemas para realizar una valoraci\u00f3n estructurada y un an\u00e1lisis financiero riguroso.<\/li>\n\n\n\n<li>Desconocimiento de los elementos clave del SPA y del proceso de cierre de la operaci\u00f3n.<\/li>\n\n\n\n<li>Escasa preparaci\u00f3n para gestionar la integraci\u00f3n post-closing, las sinergias y la estrategia de salida.<\/li>\n<\/ul>\n\n\n\n<h2 class=\"wp-block-heading\">La soluci\u00f3n: dominar el proceso completo de M&amp;A y Private Equity con un enfoque pr\u00e1ctico y estrat\u00e9gico<\/h2>\n\n\n\n<p>Formarse en este \u00e1mbito permite a los profesionales:<\/p>\n\n\n\n<p>\u2714\ufe0f Comprender la l\u00f3gica global de una operaci\u00f3n de inversi\u00f3n desde la identificaci\u00f3n de oportunidades hasta la salida.<br>\u2714\ufe0f Analizar y presentar tesis de inversi\u00f3n con mayor criterio financiero y estrat\u00e9gico.<br>\u2714\ufe0f Desarrollar an\u00e1lisis de due diligence sobre EBITDA, working capital, deuda financiera neta, CAPEX y cash flow.<br>\u2714\ufe0f Identificar las cl\u00e1usulas fundamentales del SPA y comprender el proceso de cierre.<br>\u2714\ufe0f Evaluar la integraci\u00f3n post-closing, la ejecuci\u00f3n de sinergias y las principales estrategias de desinversi\u00f3n.<\/p>\n\n\n\n<h2 class=\"wp-block-heading\"><strong>\u00bfQu\u00e9 aprender\u00e1s en el curso?<\/strong><\/h2>\n\n\n\n<ul class=\"wp-block-list\">\n<li>Conceptos clave del Private Equity y su funcionamiento dentro del proceso inversor.<\/li>\n\n\n\n<li>Metodolog\u00edas para formular y validar tesis de inversi\u00f3n.<\/li>\n\n\n\n<li>Herramientas para realizar valoraciones y an\u00e1lisis financieros estructurados en contextos de due diligence.<\/li>\n\n\n\n<li>Aspectos esenciales del SPA, del cierre de la transacci\u00f3n y de la integraci\u00f3n posterior.<\/li>\n\n\n\n<li>Estrategias de creaci\u00f3n de valor, ejecuci\u00f3n de sinergias y planificaci\u00f3n de la salida o desinversi\u00f3n.<\/li>\n<\/ul>\n\n\n\n<p>Una formaci\u00f3n dirigida a profesionales de finanzas, inversi\u00f3n, corporate finance, desarrollo corporativo y direcci\u00f3n empresarial que deseen comprender con profundidad c\u00f3mo se estructura una operaci\u00f3n de M&amp;A con enfoque Private Equity y c\u00f3mo generar valor en cada fase del proceso.<\/p>\n\n\n\n<div class=\"wp-block-buttons is-layout-flex wp-block-buttons-is-layout-flex\">\n<div class=\"wp-block-button is-style-primary\"><a class=\"wp-block-button__link wp-element-button\" href=\"https:\/\/www.iniciativasempresariales.com\/ficha_curso.php?c=2049\">+ Informaci\u00f3n del curso<\/a><\/div>\n<\/div>\n\n\n\n<p><\/p>\n\n\n\n<figure class=\"wp-block-embed is-type-video is-provider-youtube wp-block-embed-youtube wp-embed-aspect-16-9 wp-has-aspect-ratio\"><div class=\"wp-block-embed__wrapper\">\n<div class=\"nv-iframe-embed\"><iframe loading=\"lazy\" title=\"M&amp;A y Private Equity\" width=\"1200\" height=\"675\" src=\"https:\/\/www.youtube.com\/embed\/aq-0QC16Aes?feature=oembed\" frameborder=\"0\" allow=\"accelerometer; autoplay; clipboard-write; encrypted-media; gyroscope; picture-in-picture; web-share\" referrerpolicy=\"strict-origin-when-cross-origin\" allowfullscreen><\/iframe><\/div>\n<\/div><\/figure>\n\n\n\n<p><\/p>\n","protected":false},"excerpt":{"rendered":"<p>Autor del curso: Mar\u00eda Alicia Calvo Serna M&amp;A y Private Equity: c\u00f3mo estructurar operaciones de inversi\u00f3n con visi\u00f3n estrat\u00e9gica y generar valor en todo el ciclo de la transacci\u00f3n En un entorno empresarial donde el crecimiento, la consolidaci\u00f3n y la inversi\u00f3n exigen decisiones cada vez m\u00e1s sofisticadas, comprender el proceso completo de una operaci\u00f3n de&hellip;&nbsp;<a href=\"https:\/\/www.iniciativasempresariales.com\/blog\/index.php\/2026\/04\/08\/ma-y-private-equity\/\" class=\"\" rel=\"bookmark\">Leer m\u00e1s &raquo;<span class=\"screen-reader-text\">M&amp;A y Private Equity<\/span><\/a><\/p>\n","protected":false},"author":3,"featured_media":1013,"comment_status":"closed","ping_status":"open","sticky":false,"template":"","format":"standard","meta":{"neve_meta_sidebar":"","neve_meta_container":"","neve_meta_enable_content_width":"","neve_meta_content_width":0,"neve_meta_title_alignment":"","neve_meta_author_avatar":"","neve_post_elements_order":"","neve_meta_disable_header":"","neve_meta_disable_footer":"","neve_meta_disable_title":"","footnotes":""},"categories":[13],"tags":[],"class_list":["post-1012","post","type-post","status-publish","format-standard","has-post-thumbnail","hentry","category-financiera"],"yoast_head":"<!-- This site is optimized with the Yoast SEO plugin v27.5 - https:\/\/yoast.com\/product\/yoast-seo-wordpress\/ -->\n<title>M&amp;A y Private Equity - Blog Iniciativas Empresariales<\/title>\n<meta name=\"robots\" content=\"index, follow, max-snippet:-1, max-image-preview:large, max-video-preview:-1\" \/>\n<link rel=\"canonical\" href=\"https:\/\/www.iniciativasempresariales.com\/blog\/index.php\/2026\/04\/08\/ma-y-private-equity\/\" \/>\n<meta property=\"og:locale\" content=\"es_ES\" \/>\n<meta property=\"og:type\" content=\"article\" \/>\n<meta property=\"og:title\" content=\"M&amp;A y Private Equity - Blog Iniciativas Empresariales\" \/>\n<meta property=\"og:description\" content=\"Autor del curso: Mar\u00eda Alicia Calvo Serna M&amp;A y Private Equity: c\u00f3mo estructurar operaciones de inversi\u00f3n con visi\u00f3n estrat\u00e9gica y generar valor en todo el ciclo de la transacci\u00f3n En un entorno empresarial donde el crecimiento, la consolidaci\u00f3n y la inversi\u00f3n exigen decisiones cada vez m\u00e1s sofisticadas, comprender el proceso completo de una operaci\u00f3n de&hellip;&nbsp;Leer m\u00e1s &raquo;M&amp;A y Private Equity\" \/>\n<meta property=\"og:url\" content=\"https:\/\/www.iniciativasempresariales.com\/blog\/index.php\/2026\/04\/08\/ma-y-private-equity\/\" \/>\n<meta property=\"og:site_name\" content=\"Blog Iniciativas Empresariales\" \/>\n<meta property=\"article:published_time\" content=\"2026-04-08T13:25:00+00:00\" \/>\n<meta property=\"og:image\" content=\"https:\/\/i0.wp.com\/www.iniciativasempresariales.com\/blog\/wp-content\/uploads\/2026\/04\/Captura-de-pantalla-2026-04-07-124225.png?fit=788%2C472&ssl=1\" \/>\n\t<meta property=\"og:image:width\" content=\"788\" \/>\n\t<meta property=\"og:image:height\" content=\"472\" \/>\n\t<meta property=\"og:image:type\" content=\"image\/png\" \/>\n<meta name=\"author\" content=\"Becaris\" \/>\n<meta name=\"twitter:card\" content=\"summary_large_image\" \/>\n<meta name=\"twitter:label1\" content=\"Escrito por\" \/>\n\t<meta name=\"twitter:data1\" content=\"Becaris\" \/>\n\t<meta name=\"twitter:label2\" content=\"Tiempo de lectura\" \/>\n\t<meta name=\"twitter:data2\" content=\"3 minutos\" \/>\n<script type=\"application\/ld+json\" class=\"yoast-schema-graph\">{\"@context\":\"https:\\\/\\\/schema.org\",\"@graph\":[{\"@type\":\"Article\",\"@id\":\"https:\\\/\\\/www.iniciativasempresariales.com\\\/blog\\\/index.php\\\/2026\\\/04\\\/08\\\/ma-y-private-equity\\\/#article\",\"isPartOf\":{\"@id\":\"https:\\\/\\\/www.iniciativasempresariales.com\\\/blog\\\/index.php\\\/2026\\\/04\\\/08\\\/ma-y-private-equity\\\/\"},\"author\":{\"name\":\"Becaris\",\"@id\":\"https:\\\/\\\/www.iniciativasempresariales.com\\\/blog\\\/#\\\/schema\\\/person\\\/0fb69d180496543ed1adbf7bf1d0ce8a\"},\"headline\":\"M&amp;A y Private Equity\",\"datePublished\":\"2026-04-08T13:25:00+00:00\",\"mainEntityOfPage\":{\"@id\":\"https:\\\/\\\/www.iniciativasempresariales.com\\\/blog\\\/index.php\\\/2026\\\/04\\\/08\\\/ma-y-private-equity\\\/\"},\"wordCount\":530,\"image\":{\"@id\":\"https:\\\/\\\/www.iniciativasempresariales.com\\\/blog\\\/index.php\\\/2026\\\/04\\\/08\\\/ma-y-private-equity\\\/#primaryimage\"},\"thumbnailUrl\":\"https:\\\/\\\/i0.wp.com\\\/www.iniciativasempresariales.com\\\/blog\\\/wp-content\\\/uploads\\\/2026\\\/04\\\/Captura-de-pantalla-2026-04-07-124225.png?fit=788%2C472&ssl=1\",\"articleSection\":[\"Financiera\"],\"inLanguage\":\"es\"},{\"@type\":\"WebPage\",\"@id\":\"https:\\\/\\\/www.iniciativasempresariales.com\\\/blog\\\/index.php\\\/2026\\\/04\\\/08\\\/ma-y-private-equity\\\/\",\"url\":\"https:\\\/\\\/www.iniciativasempresariales.com\\\/blog\\\/index.php\\\/2026\\\/04\\\/08\\\/ma-y-private-equity\\\/\",\"name\":\"M&amp;A y Private Equity - Blog Iniciativas Empresariales\",\"isPartOf\":{\"@id\":\"https:\\\/\\\/www.iniciativasempresariales.com\\\/blog\\\/#website\"},\"primaryImageOfPage\":{\"@id\":\"https:\\\/\\\/www.iniciativasempresariales.com\\\/blog\\\/index.php\\\/2026\\\/04\\\/08\\\/ma-y-private-equity\\\/#primaryimage\"},\"image\":{\"@id\":\"https:\\\/\\\/www.iniciativasempresariales.com\\\/blog\\\/index.php\\\/2026\\\/04\\\/08\\\/ma-y-private-equity\\\/#primaryimage\"},\"thumbnailUrl\":\"https:\\\/\\\/i0.wp.com\\\/www.iniciativasempresariales.com\\\/blog\\\/wp-content\\\/uploads\\\/2026\\\/04\\\/Captura-de-pantalla-2026-04-07-124225.png?fit=788%2C472&ssl=1\",\"datePublished\":\"2026-04-08T13:25:00+00:00\",\"author\":{\"@id\":\"https:\\\/\\\/www.iniciativasempresariales.com\\\/blog\\\/#\\\/schema\\\/person\\\/0fb69d180496543ed1adbf7bf1d0ce8a\"},\"breadcrumb\":{\"@id\":\"https:\\\/\\\/www.iniciativasempresariales.com\\\/blog\\\/index.php\\\/2026\\\/04\\\/08\\\/ma-y-private-equity\\\/#breadcrumb\"},\"inLanguage\":\"es\",\"potentialAction\":[{\"@type\":\"ReadAction\",\"target\":[\"https:\\\/\\\/www.iniciativasempresariales.com\\\/blog\\\/index.php\\\/2026\\\/04\\\/08\\\/ma-y-private-equity\\\/\"]}]},{\"@type\":\"ImageObject\",\"inLanguage\":\"es\",\"@id\":\"https:\\\/\\\/www.iniciativasempresariales.com\\\/blog\\\/index.php\\\/2026\\\/04\\\/08\\\/ma-y-private-equity\\\/#primaryimage\",\"url\":\"https:\\\/\\\/i0.wp.com\\\/www.iniciativasempresariales.com\\\/blog\\\/wp-content\\\/uploads\\\/2026\\\/04\\\/Captura-de-pantalla-2026-04-07-124225.png?fit=788%2C472&ssl=1\",\"contentUrl\":\"https:\\\/\\\/i0.wp.com\\\/www.iniciativasempresariales.com\\\/blog\\\/wp-content\\\/uploads\\\/2026\\\/04\\\/Captura-de-pantalla-2026-04-07-124225.png?fit=788%2C472&ssl=1\",\"width\":788,\"height\":472},{\"@type\":\"BreadcrumbList\",\"@id\":\"https:\\\/\\\/www.iniciativasempresariales.com\\\/blog\\\/index.php\\\/2026\\\/04\\\/08\\\/ma-y-private-equity\\\/#breadcrumb\",\"itemListElement\":[{\"@type\":\"ListItem\",\"position\":1,\"name\":\"Portada\",\"item\":\"https:\\\/\\\/www.iniciativasempresariales.com\\\/blog\\\/\"},{\"@type\":\"ListItem\",\"position\":2,\"name\":\"M&amp;A y Private Equity\"}]},{\"@type\":\"WebSite\",\"@id\":\"https:\\\/\\\/www.iniciativasempresariales.com\\\/blog\\\/#website\",\"url\":\"https:\\\/\\\/www.iniciativasempresariales.com\\\/blog\\\/\",\"name\":\"Blog Iniciativas Empresariales\",\"description\":\"\",\"potentialAction\":[{\"@type\":\"SearchAction\",\"target\":{\"@type\":\"EntryPoint\",\"urlTemplate\":\"https:\\\/\\\/www.iniciativasempresariales.com\\\/blog\\\/?s={search_term_string}\"},\"query-input\":{\"@type\":\"PropertyValueSpecification\",\"valueRequired\":true,\"valueName\":\"search_term_string\"}}],\"inLanguage\":\"es\"},{\"@type\":\"Person\",\"@id\":\"https:\\\/\\\/www.iniciativasempresariales.com\\\/blog\\\/#\\\/schema\\\/person\\\/0fb69d180496543ed1adbf7bf1d0ce8a\",\"name\":\"Becaris\",\"image\":{\"@type\":\"ImageObject\",\"inLanguage\":\"es\",\"@id\":\"https:\\\/\\\/secure.gravatar.com\\\/avatar\\\/1ba7f82ba3e8bfec5ea7f46ec3335ebf57ee29bd2120fa29eaa61ee1dbc2fb58?s=96&d=mm&r=g\",\"url\":\"https:\\\/\\\/secure.gravatar.com\\\/avatar\\\/1ba7f82ba3e8bfec5ea7f46ec3335ebf57ee29bd2120fa29eaa61ee1dbc2fb58?s=96&d=mm&r=g\",\"contentUrl\":\"https:\\\/\\\/secure.gravatar.com\\\/avatar\\\/1ba7f82ba3e8bfec5ea7f46ec3335ebf57ee29bd2120fa29eaa61ee1dbc2fb58?s=96&d=mm&r=g\",\"caption\":\"Becaris\"},\"url\":\"https:\\\/\\\/www.iniciativasempresariales.com\\\/blog\\\/index.php\\\/author\\\/becaris_ie_2025\\\/\"}]}<\/script>\n<!-- \/ Yoast SEO plugin. -->","yoast_head_json":{"title":"M&amp;A y Private Equity - Blog Iniciativas Empresariales","robots":{"index":"index","follow":"follow","max-snippet":"max-snippet:-1","max-image-preview":"max-image-preview:large","max-video-preview":"max-video-preview:-1"},"canonical":"https:\/\/www.iniciativasempresariales.com\/blog\/index.php\/2026\/04\/08\/ma-y-private-equity\/","og_locale":"es_ES","og_type":"article","og_title":"M&amp;A y Private Equity - Blog Iniciativas Empresariales","og_description":"Autor del curso: Mar\u00eda Alicia Calvo Serna M&amp;A y Private Equity: c\u00f3mo estructurar operaciones de inversi\u00f3n con visi\u00f3n estrat\u00e9gica y generar valor en todo el ciclo de la transacci\u00f3n En un entorno empresarial donde el crecimiento, la consolidaci\u00f3n y la inversi\u00f3n exigen decisiones cada vez m\u00e1s sofisticadas, comprender el proceso completo de una operaci\u00f3n de&hellip;&nbsp;Leer m\u00e1s &raquo;M&amp;A y Private Equity","og_url":"https:\/\/www.iniciativasempresariales.com\/blog\/index.php\/2026\/04\/08\/ma-y-private-equity\/","og_site_name":"Blog Iniciativas Empresariales","article_published_time":"2026-04-08T13:25:00+00:00","og_image":[{"width":788,"height":472,"url":"https:\/\/i0.wp.com\/www.iniciativasempresariales.com\/blog\/wp-content\/uploads\/2026\/04\/Captura-de-pantalla-2026-04-07-124225.png?fit=788%2C472&ssl=1","type":"image\/png"}],"author":"Becaris","twitter_card":"summary_large_image","twitter_misc":{"Escrito por":"Becaris","Tiempo de lectura":"3 minutos"},"schema":{"@context":"https:\/\/schema.org","@graph":[{"@type":"Article","@id":"https:\/\/www.iniciativasempresariales.com\/blog\/index.php\/2026\/04\/08\/ma-y-private-equity\/#article","isPartOf":{"@id":"https:\/\/www.iniciativasempresariales.com\/blog\/index.php\/2026\/04\/08\/ma-y-private-equity\/"},"author":{"name":"Becaris","@id":"https:\/\/www.iniciativasempresariales.com\/blog\/#\/schema\/person\/0fb69d180496543ed1adbf7bf1d0ce8a"},"headline":"M&amp;A y Private Equity","datePublished":"2026-04-08T13:25:00+00:00","mainEntityOfPage":{"@id":"https:\/\/www.iniciativasempresariales.com\/blog\/index.php\/2026\/04\/08\/ma-y-private-equity\/"},"wordCount":530,"image":{"@id":"https:\/\/www.iniciativasempresariales.com\/blog\/index.php\/2026\/04\/08\/ma-y-private-equity\/#primaryimage"},"thumbnailUrl":"https:\/\/i0.wp.com\/www.iniciativasempresariales.com\/blog\/wp-content\/uploads\/2026\/04\/Captura-de-pantalla-2026-04-07-124225.png?fit=788%2C472&ssl=1","articleSection":["Financiera"],"inLanguage":"es"},{"@type":"WebPage","@id":"https:\/\/www.iniciativasempresariales.com\/blog\/index.php\/2026\/04\/08\/ma-y-private-equity\/","url":"https:\/\/www.iniciativasempresariales.com\/blog\/index.php\/2026\/04\/08\/ma-y-private-equity\/","name":"M&amp;A y Private Equity - Blog Iniciativas Empresariales","isPartOf":{"@id":"https:\/\/www.iniciativasempresariales.com\/blog\/#website"},"primaryImageOfPage":{"@id":"https:\/\/www.iniciativasempresariales.com\/blog\/index.php\/2026\/04\/08\/ma-y-private-equity\/#primaryimage"},"image":{"@id":"https:\/\/www.iniciativasempresariales.com\/blog\/index.php\/2026\/04\/08\/ma-y-private-equity\/#primaryimage"},"thumbnailUrl":"https:\/\/i0.wp.com\/www.iniciativasempresariales.com\/blog\/wp-content\/uploads\/2026\/04\/Captura-de-pantalla-2026-04-07-124225.png?fit=788%2C472&ssl=1","datePublished":"2026-04-08T13:25:00+00:00","author":{"@id":"https:\/\/www.iniciativasempresariales.com\/blog\/#\/schema\/person\/0fb69d180496543ed1adbf7bf1d0ce8a"},"breadcrumb":{"@id":"https:\/\/www.iniciativasempresariales.com\/blog\/index.php\/2026\/04\/08\/ma-y-private-equity\/#breadcrumb"},"inLanguage":"es","potentialAction":[{"@type":"ReadAction","target":["https:\/\/www.iniciativasempresariales.com\/blog\/index.php\/2026\/04\/08\/ma-y-private-equity\/"]}]},{"@type":"ImageObject","inLanguage":"es","@id":"https:\/\/www.iniciativasempresariales.com\/blog\/index.php\/2026\/04\/08\/ma-y-private-equity\/#primaryimage","url":"https:\/\/i0.wp.com\/www.iniciativasempresariales.com\/blog\/wp-content\/uploads\/2026\/04\/Captura-de-pantalla-2026-04-07-124225.png?fit=788%2C472&ssl=1","contentUrl":"https:\/\/i0.wp.com\/www.iniciativasempresariales.com\/blog\/wp-content\/uploads\/2026\/04\/Captura-de-pantalla-2026-04-07-124225.png?fit=788%2C472&ssl=1","width":788,"height":472},{"@type":"BreadcrumbList","@id":"https:\/\/www.iniciativasempresariales.com\/blog\/index.php\/2026\/04\/08\/ma-y-private-equity\/#breadcrumb","itemListElement":[{"@type":"ListItem","position":1,"name":"Portada","item":"https:\/\/www.iniciativasempresariales.com\/blog\/"},{"@type":"ListItem","position":2,"name":"M&amp;A y Private Equity"}]},{"@type":"WebSite","@id":"https:\/\/www.iniciativasempresariales.com\/blog\/#website","url":"https:\/\/www.iniciativasempresariales.com\/blog\/","name":"Blog Iniciativas Empresariales","description":"","potentialAction":[{"@type":"SearchAction","target":{"@type":"EntryPoint","urlTemplate":"https:\/\/www.iniciativasempresariales.com\/blog\/?s={search_term_string}"},"query-input":{"@type":"PropertyValueSpecification","valueRequired":true,"valueName":"search_term_string"}}],"inLanguage":"es"},{"@type":"Person","@id":"https:\/\/www.iniciativasempresariales.com\/blog\/#\/schema\/person\/0fb69d180496543ed1adbf7bf1d0ce8a","name":"Becaris","image":{"@type":"ImageObject","inLanguage":"es","@id":"https:\/\/secure.gravatar.com\/avatar\/1ba7f82ba3e8bfec5ea7f46ec3335ebf57ee29bd2120fa29eaa61ee1dbc2fb58?s=96&d=mm&r=g","url":"https:\/\/secure.gravatar.com\/avatar\/1ba7f82ba3e8bfec5ea7f46ec3335ebf57ee29bd2120fa29eaa61ee1dbc2fb58?s=96&d=mm&r=g","contentUrl":"https:\/\/secure.gravatar.com\/avatar\/1ba7f82ba3e8bfec5ea7f46ec3335ebf57ee29bd2120fa29eaa61ee1dbc2fb58?s=96&d=mm&r=g","caption":"Becaris"},"url":"https:\/\/www.iniciativasempresariales.com\/blog\/index.php\/author\/becaris_ie_2025\/"}]}},"jetpack_featured_media_url":"https:\/\/i0.wp.com\/www.iniciativasempresariales.com\/blog\/wp-content\/uploads\/2026\/04\/Captura-de-pantalla-2026-04-07-124225.png?fit=788%2C472&ssl=1","jetpack_sharing_enabled":true,"_links":{"self":[{"href":"https:\/\/www.iniciativasempresariales.com\/blog\/index.php\/wp-json\/wp\/v2\/posts\/1012","targetHints":{"allow":["GET"]}}],"collection":[{"href":"https:\/\/www.iniciativasempresariales.com\/blog\/index.php\/wp-json\/wp\/v2\/posts"}],"about":[{"href":"https:\/\/www.iniciativasempresariales.com\/blog\/index.php\/wp-json\/wp\/v2\/types\/post"}],"author":[{"embeddable":true,"href":"https:\/\/www.iniciativasempresariales.com\/blog\/index.php\/wp-json\/wp\/v2\/users\/3"}],"replies":[{"embeddable":true,"href":"https:\/\/www.iniciativasempresariales.com\/blog\/index.php\/wp-json\/wp\/v2\/comments?post=1012"}],"version-history":[{"count":1,"href":"https:\/\/www.iniciativasempresariales.com\/blog\/index.php\/wp-json\/wp\/v2\/posts\/1012\/revisions"}],"predecessor-version":[{"id":1014,"href":"https:\/\/www.iniciativasempresariales.com\/blog\/index.php\/wp-json\/wp\/v2\/posts\/1012\/revisions\/1014"}],"wp:featuredmedia":[{"embeddable":true,"href":"https:\/\/www.iniciativasempresariales.com\/blog\/index.php\/wp-json\/wp\/v2\/media\/1013"}],"wp:attachment":[{"href":"https:\/\/www.iniciativasempresariales.com\/blog\/index.php\/wp-json\/wp\/v2\/media?parent=1012"}],"wp:term":[{"taxonomy":"category","embeddable":true,"href":"https:\/\/www.iniciativasempresariales.com\/blog\/index.php\/wp-json\/wp\/v2\/categories?post=1012"},{"taxonomy":"post_tag","embeddable":true,"href":"https:\/\/www.iniciativasempresariales.com\/blog\/index.php\/wp-json\/wp\/v2\/tags?post=1012"}],"curies":[{"name":"wp","href":"https:\/\/api.w.org\/{rel}","templated":true}]}}