{"id":1030,"date":"2026-04-14T11:05:05","date_gmt":"2026-04-14T11:05:05","guid":{"rendered":"https:\/\/www.iniciativasempresariales.com\/blog\/?p=1030"},"modified":"2026-04-13T11:08:55","modified_gmt":"2026-04-13T11:08:55","slug":"inteligencia-de-negocios-aplicada-a-la-logistica-de-la-cadena-de-suministro","status":"publish","type":"post","link":"https:\/\/www.iniciativasempresariales.com\/blog\/index.php\/2026\/04\/14\/inteligencia-de-negocios-aplicada-a-la-logistica-de-la-cadena-de-suministro\/","title":{"rendered":"Inteligencia de Negocios aplicada a la Log\u00edstica de la cadena de suministro"},"content":{"rendered":"\n<p>Autor del curso: <strong>Jos\u00e9 A. Pe\u00f1a Seminario<\/strong><\/p>\n\n\n\n<h2 class=\"wp-block-heading\">Inteligencia de Negocios aplicada a la Log\u00edstica de la cadena de suministro: c\u00f3mo optimizar compras, inventarios y distribuci\u00f3n con decisiones basadas en datos<\/h2>\n\n\n\n<p>En log\u00edstica, tomar decisiones sin datos claros y actualizados puede generar sobrecostes, roturas de stock, retrasos en la distribuci\u00f3n y p\u00e9rdida de eficiencia operativa. Por eso, integrar Business Intelligence e Inteligencia Artificial en la cadena de suministro se ha convertido en una necesidad para las empresas que quieren mejorar su capacidad de an\u00e1lisis, reaccionar m\u00e1s r\u00e1pido y transformar grandes vol\u00famenes de datos en informaci\u00f3n \u00fatil para decidir mejor.<\/p>\n\n\n\n<p>Este enfoque permite centralizar informaci\u00f3n, vigilar indicadores clave, detectar cuellos de botella y construir paneles ejecutivos que ayuden a actuar con m\u00e1s precisi\u00f3n en \u00e1reas como compras, inventarios, transporte y servicio al cliente.<\/p>\n\n\n\n<h2 class=\"wp-block-heading\">Los principales retos que enfrentan las empresas<\/h2>\n\n\n\n<ul class=\"wp-block-list\">\n<li>Dificultad para centralizar y asegurar grandes vol\u00famenes de datos log\u00edsticos.<\/li>\n\n\n\n<li>Falta de visibilidad sobre indicadores clave en compras, inventarios, transporte y distribuci\u00f3n.<\/li>\n\n\n\n<li>Problemas para detectar cuellos de botella y oportunidades de mejora en tiempo real.<\/li>\n\n\n\n<li>Necesidad de tomar decisiones m\u00e1s r\u00e1pidas, informadas y orientadas a reducir costes y riesgos.<\/li>\n\n\n\n<li>Escasa capacidad para convertir los datos log\u00edsticos en conocimiento accionable para la estrategia empresarial.<\/li>\n<\/ul>\n\n\n\n<h2 class=\"wp-block-heading\">La soluci\u00f3n: integrar Business Intelligence e Inteligencia Artificial en la gesti\u00f3n log\u00edstica<\/h2>\n\n\n\n<p>Formarse en este \u00e1mbito permite a los profesionales:<\/p>\n\n\n\n<p>\u2714\ufe0f Tomar decisiones m\u00e1s informadas, r\u00e1pidas y efectivas en la cadena de suministro.<br>\u2714\ufe0f Centralizar datos log\u00edsticos y convertirlos en informaci\u00f3n \u00fatil para la gesti\u00f3n.<br>\u2714\ufe0f Monitorizar KPIs clave como OTIF, Lead Time, rotaci\u00f3n de inventario y nivel de servicio.<br>\u2714\ufe0f Dise\u00f1ar dashboards ejecutivos y paneles de trazabilidad en Power BI o Excel.<br>\u2714\ufe0f Aplicar metodolog\u00edas de mejora continua para resolver problemas y prevenir incidencias.<\/p>\n\n\n\n<h2 class=\"wp-block-heading\"><strong>\u00bfQu\u00e9 aprender\u00e1s en el curso?<\/strong><\/h2>\n\n\n\n<ul class=\"wp-block-list\">\n<li>C\u00f3mo aplicar Business Intelligence e Inteligencia Artificial a la gesti\u00f3n de la cadena de suministro.<\/li>\n\n\n\n<li>C\u00f3mo optimizar compras, inventarios, transporte, distribuci\u00f3n y servicio al cliente mediante datos.<\/li>\n\n\n\n<li>C\u00f3mo dise\u00f1ar paneles de trazabilidad y dashboards ejecutivos para apoyar decisiones log\u00edsticas.<\/li>\n\n\n\n<li>C\u00f3mo configurar alertas simples y definir acciones de respuesta en tiempo real.<\/li>\n\n\n\n<li>C\u00f3mo utilizar metodolog\u00edas como PDCA, los 5 porqu\u00e9s y el diagrama de Ishikawa para mejorar procesos log\u00edsticos.<\/li>\n<\/ul>\n\n\n\n<p>Una formaci\u00f3n pensada para profesionales que quieran modernizar la gesti\u00f3n log\u00edstica de su empresa, mejorar la visibilidad operativa y convertir los datos en decisiones m\u00e1s \u00e1giles, precisas y estrat\u00e9gicas dentro de la cadena de suministro.<\/p>\n\n\n\n<div class=\"wp-block-buttons is-layout-flex wp-block-buttons-is-layout-flex\">\n<div class=\"wp-block-button is-style-primary\"><a class=\"wp-block-button__link wp-element-button\" href=\"https:\/\/www.iniciativasempresariales.com\/ficha_curso.php?c=2050\">+ Informaci\u00f3n del curso<\/a><\/div>\n<\/div>\n\n\n\n<p><\/p>\n\n\n\n<figure class=\"wp-block-embed is-type-video is-provider-youtube wp-block-embed-youtube wp-embed-aspect-16-9 wp-has-aspect-ratio\"><div class=\"wp-block-embed__wrapper\">\n<div class=\"nv-iframe-embed\"><iframe loading=\"lazy\" title=\"Inteligencia de Negocios aplicada a la Log\u00edstica de la cadena de suministro\" width=\"1200\" height=\"675\" src=\"https:\/\/www.youtube.com\/embed\/jcWZpuu-d7E?feature=oembed\" frameborder=\"0\" allow=\"accelerometer; autoplay; clipboard-write; encrypted-media; gyroscope; picture-in-picture; web-share\" referrerpolicy=\"strict-origin-when-cross-origin\" allowfullscreen><\/iframe><\/div>\n<\/div><\/figure>\n\n\n\n<p><\/p>\n","protected":false},"excerpt":{"rendered":"<p>Autor del curso: Jos\u00e9 A. Pe\u00f1a Seminario Inteligencia de Negocios aplicada a la Log\u00edstica de la cadena de suministro: c\u00f3mo optimizar compras, inventarios y distribuci\u00f3n con decisiones basadas en datos En log\u00edstica, tomar decisiones sin datos claros y actualizados puede generar sobrecostes, roturas de stock, retrasos en la distribuci\u00f3n y p\u00e9rdida de eficiencia operativa. Por&hellip;&nbsp;<a href=\"https:\/\/www.iniciativasempresariales.com\/blog\/index.php\/2026\/04\/14\/inteligencia-de-negocios-aplicada-a-la-logistica-de-la-cadena-de-suministro\/\" class=\"\" rel=\"bookmark\">Leer m\u00e1s &raquo;<span class=\"screen-reader-text\">Inteligencia de Negocios aplicada a la Log\u00edstica de la cadena de suministro<\/span><\/a><\/p>\n","protected":false},"author":3,"featured_media":1031,"comment_status":"closed","ping_status":"open","sticky":false,"template":"","format":"standard","meta":{"neve_meta_sidebar":"","neve_meta_container":"","neve_meta_enable_content_width":"","neve_meta_content_width":0,"neve_meta_title_alignment":"","neve_meta_author_avatar":"","neve_post_elements_order":"","neve_meta_disable_header":"","neve_meta_disable_footer":"","neve_meta_disable_title":"","footnotes":""},"categories":[10],"tags":[],"class_list":["post-1030","post","type-post","status-publish","format-standard","has-post-thumbnail","hentry","category-logistica"],"yoast_head":"<!-- This site is optimized with the Yoast SEO plugin v27.5 - https:\/\/yoast.com\/product\/yoast-seo-wordpress\/ -->\n<title>Inteligencia de Negocios aplicada a la Log\u00edstica de la cadena de suministro - Blog Iniciativas Empresariales<\/title>\n<meta name=\"robots\" content=\"index, follow, max-snippet:-1, max-image-preview:large, max-video-preview:-1\" \/>\n<link rel=\"canonical\" href=\"https:\/\/www.iniciativasempresariales.com\/blog\/index.php\/2026\/04\/14\/inteligencia-de-negocios-aplicada-a-la-logistica-de-la-cadena-de-suministro\/\" \/>\n<meta property=\"og:locale\" content=\"es_ES\" \/>\n<meta property=\"og:type\" content=\"article\" \/>\n<meta property=\"og:title\" content=\"Inteligencia de Negocios aplicada a la Log\u00edstica de la cadena de suministro - Blog Iniciativas Empresariales\" \/>\n<meta property=\"og:description\" content=\"Autor del curso: Jos\u00e9 A. Pe\u00f1a Seminario Inteligencia de Negocios aplicada a la Log\u00edstica de la cadena de suministro: c\u00f3mo optimizar compras, inventarios y distribuci\u00f3n con decisiones basadas en datos En log\u00edstica, tomar decisiones sin datos claros y actualizados puede generar sobrecostes, roturas de stock, retrasos en la distribuci\u00f3n y p\u00e9rdida de eficiencia operativa. Por&hellip;&nbsp;Leer m\u00e1s &raquo;Inteligencia de Negocios aplicada a la Log\u00edstica de la cadena de suministro\" \/>\n<meta property=\"og:url\" content=\"https:\/\/www.iniciativasempresariales.com\/blog\/index.php\/2026\/04\/14\/inteligencia-de-negocios-aplicada-a-la-logistica-de-la-cadena-de-suministro\/\" \/>\n<meta property=\"og:site_name\" content=\"Blog Iniciativas Empresariales\" \/>\n<meta property=\"article:published_time\" content=\"2026-04-14T11:05:05+00:00\" \/>\n<meta property=\"og:image\" content=\"https:\/\/i0.wp.com\/www.iniciativasempresariales.com\/blog\/wp-content\/uploads\/2026\/04\/Captura-de-pantalla-2026-04-13-122316.png?fit=794%2C468&ssl=1\" \/>\n\t<meta property=\"og:image:width\" content=\"794\" \/>\n\t<meta property=\"og:image:height\" content=\"468\" \/>\n\t<meta property=\"og:image:type\" content=\"image\/png\" \/>\n<meta name=\"author\" content=\"Becaris\" \/>\n<meta name=\"twitter:card\" content=\"summary_large_image\" \/>\n<meta name=\"twitter:label1\" content=\"Escrito por\" \/>\n\t<meta name=\"twitter:data1\" content=\"Becaris\" \/>\n\t<meta name=\"twitter:label2\" content=\"Tiempo de lectura\" \/>\n\t<meta name=\"twitter:data2\" content=\"3 minutos\" \/>\n<script type=\"application\/ld+json\" class=\"yoast-schema-graph\">{\"@context\":\"https:\\\/\\\/schema.org\",\"@graph\":[{\"@type\":\"Article\",\"@id\":\"https:\\\/\\\/www.iniciativasempresariales.com\\\/blog\\\/index.php\\\/2026\\\/04\\\/14\\\/inteligencia-de-negocios-aplicada-a-la-logistica-de-la-cadena-de-suministro\\\/#article\",\"isPartOf\":{\"@id\":\"https:\\\/\\\/www.iniciativasempresariales.com\\\/blog\\\/index.php\\\/2026\\\/04\\\/14\\\/inteligencia-de-negocios-aplicada-a-la-logistica-de-la-cadena-de-suministro\\\/\"},\"author\":{\"name\":\"Becaris\",\"@id\":\"https:\\\/\\\/www.iniciativasempresariales.com\\\/blog\\\/#\\\/schema\\\/person\\\/0fb69d180496543ed1adbf7bf1d0ce8a\"},\"headline\":\"Inteligencia de Negocios aplicada a la Log\u00edstica de la cadena de suministro\",\"datePublished\":\"2026-04-14T11:05:05+00:00\",\"mainEntityOfPage\":{\"@id\":\"https:\\\/\\\/www.iniciativasempresariales.com\\\/blog\\\/index.php\\\/2026\\\/04\\\/14\\\/inteligencia-de-negocios-aplicada-a-la-logistica-de-la-cadena-de-suministro\\\/\"},\"wordCount\":465,\"image\":{\"@id\":\"https:\\\/\\\/www.iniciativasempresariales.com\\\/blog\\\/index.php\\\/2026\\\/04\\\/14\\\/inteligencia-de-negocios-aplicada-a-la-logistica-de-la-cadena-de-suministro\\\/#primaryimage\"},\"thumbnailUrl\":\"https:\\\/\\\/i0.wp.com\\\/www.iniciativasempresariales.com\\\/blog\\\/wp-content\\\/uploads\\\/2026\\\/04\\\/Captura-de-pantalla-2026-04-13-122316.png?fit=794%2C468&ssl=1\",\"articleSection\":[\"Log\u00edstica\"],\"inLanguage\":\"es\"},{\"@type\":\"WebPage\",\"@id\":\"https:\\\/\\\/www.iniciativasempresariales.com\\\/blog\\\/index.php\\\/2026\\\/04\\\/14\\\/inteligencia-de-negocios-aplicada-a-la-logistica-de-la-cadena-de-suministro\\\/\",\"url\":\"https:\\\/\\\/www.iniciativasempresariales.com\\\/blog\\\/index.php\\\/2026\\\/04\\\/14\\\/inteligencia-de-negocios-aplicada-a-la-logistica-de-la-cadena-de-suministro\\\/\",\"name\":\"Inteligencia de Negocios aplicada a la Log\u00edstica de la cadena de suministro - Blog Iniciativas Empresariales\",\"isPartOf\":{\"@id\":\"https:\\\/\\\/www.iniciativasempresariales.com\\\/blog\\\/#website\"},\"primaryImageOfPage\":{\"@id\":\"https:\\\/\\\/www.iniciativasempresariales.com\\\/blog\\\/index.php\\\/2026\\\/04\\\/14\\\/inteligencia-de-negocios-aplicada-a-la-logistica-de-la-cadena-de-suministro\\\/#primaryimage\"},\"image\":{\"@id\":\"https:\\\/\\\/www.iniciativasempresariales.com\\\/blog\\\/index.php\\\/2026\\\/04\\\/14\\\/inteligencia-de-negocios-aplicada-a-la-logistica-de-la-cadena-de-suministro\\\/#primaryimage\"},\"thumbnailUrl\":\"https:\\\/\\\/i0.wp.com\\\/www.iniciativasempresariales.com\\\/blog\\\/wp-content\\\/uploads\\\/2026\\\/04\\\/Captura-de-pantalla-2026-04-13-122316.png?fit=794%2C468&ssl=1\",\"datePublished\":\"2026-04-14T11:05:05+00:00\",\"author\":{\"@id\":\"https:\\\/\\\/www.iniciativasempresariales.com\\\/blog\\\/#\\\/schema\\\/person\\\/0fb69d180496543ed1adbf7bf1d0ce8a\"},\"breadcrumb\":{\"@id\":\"https:\\\/\\\/www.iniciativasempresariales.com\\\/blog\\\/index.php\\\/2026\\\/04\\\/14\\\/inteligencia-de-negocios-aplicada-a-la-logistica-de-la-cadena-de-suministro\\\/#breadcrumb\"},\"inLanguage\":\"es\",\"potentialAction\":[{\"@type\":\"ReadAction\",\"target\":[\"https:\\\/\\\/www.iniciativasempresariales.com\\\/blog\\\/index.php\\\/2026\\\/04\\\/14\\\/inteligencia-de-negocios-aplicada-a-la-logistica-de-la-cadena-de-suministro\\\/\"]}]},{\"@type\":\"ImageObject\",\"inLanguage\":\"es\",\"@id\":\"https:\\\/\\\/www.iniciativasempresariales.com\\\/blog\\\/index.php\\\/2026\\\/04\\\/14\\\/inteligencia-de-negocios-aplicada-a-la-logistica-de-la-cadena-de-suministro\\\/#primaryimage\",\"url\":\"https:\\\/\\\/i0.wp.com\\\/www.iniciativasempresariales.com\\\/blog\\\/wp-content\\\/uploads\\\/2026\\\/04\\\/Captura-de-pantalla-2026-04-13-122316.png?fit=794%2C468&ssl=1\",\"contentUrl\":\"https:\\\/\\\/i0.wp.com\\\/www.iniciativasempresariales.com\\\/blog\\\/wp-content\\\/uploads\\\/2026\\\/04\\\/Captura-de-pantalla-2026-04-13-122316.png?fit=794%2C468&ssl=1\",\"width\":794,\"height\":468},{\"@type\":\"BreadcrumbList\",\"@id\":\"https:\\\/\\\/www.iniciativasempresariales.com\\\/blog\\\/index.php\\\/2026\\\/04\\\/14\\\/inteligencia-de-negocios-aplicada-a-la-logistica-de-la-cadena-de-suministro\\\/#breadcrumb\",\"itemListElement\":[{\"@type\":\"ListItem\",\"position\":1,\"name\":\"Portada\",\"item\":\"https:\\\/\\\/www.iniciativasempresariales.com\\\/blog\\\/\"},{\"@type\":\"ListItem\",\"position\":2,\"name\":\"Inteligencia de Negocios aplicada a la Log\u00edstica de la cadena de suministro\"}]},{\"@type\":\"WebSite\",\"@id\":\"https:\\\/\\\/www.iniciativasempresariales.com\\\/blog\\\/#website\",\"url\":\"https:\\\/\\\/www.iniciativasempresariales.com\\\/blog\\\/\",\"name\":\"Blog Iniciativas Empresariales\",\"description\":\"\",\"potentialAction\":[{\"@type\":\"SearchAction\",\"target\":{\"@type\":\"EntryPoint\",\"urlTemplate\":\"https:\\\/\\\/www.iniciativasempresariales.com\\\/blog\\\/?s={search_term_string}\"},\"query-input\":{\"@type\":\"PropertyValueSpecification\",\"valueRequired\":true,\"valueName\":\"search_term_string\"}}],\"inLanguage\":\"es\"},{\"@type\":\"Person\",\"@id\":\"https:\\\/\\\/www.iniciativasempresariales.com\\\/blog\\\/#\\\/schema\\\/person\\\/0fb69d180496543ed1adbf7bf1d0ce8a\",\"name\":\"Becaris\",\"image\":{\"@type\":\"ImageObject\",\"inLanguage\":\"es\",\"@id\":\"https:\\\/\\\/secure.gravatar.com\\\/avatar\\\/1ba7f82ba3e8bfec5ea7f46ec3335ebf57ee29bd2120fa29eaa61ee1dbc2fb58?s=96&d=mm&r=g\",\"url\":\"https:\\\/\\\/secure.gravatar.com\\\/avatar\\\/1ba7f82ba3e8bfec5ea7f46ec3335ebf57ee29bd2120fa29eaa61ee1dbc2fb58?s=96&d=mm&r=g\",\"contentUrl\":\"https:\\\/\\\/secure.gravatar.com\\\/avatar\\\/1ba7f82ba3e8bfec5ea7f46ec3335ebf57ee29bd2120fa29eaa61ee1dbc2fb58?s=96&d=mm&r=g\",\"caption\":\"Becaris\"},\"url\":\"https:\\\/\\\/www.iniciativasempresariales.com\\\/blog\\\/index.php\\\/author\\\/becaris_ie_2025\\\/\"}]}<\/script>\n<!-- \/ Yoast SEO plugin. -->","yoast_head_json":{"title":"Inteligencia de Negocios aplicada a la Log\u00edstica de la cadena de suministro - Blog Iniciativas Empresariales","robots":{"index":"index","follow":"follow","max-snippet":"max-snippet:-1","max-image-preview":"max-image-preview:large","max-video-preview":"max-video-preview:-1"},"canonical":"https:\/\/www.iniciativasempresariales.com\/blog\/index.php\/2026\/04\/14\/inteligencia-de-negocios-aplicada-a-la-logistica-de-la-cadena-de-suministro\/","og_locale":"es_ES","og_type":"article","og_title":"Inteligencia de Negocios aplicada a la Log\u00edstica de la cadena de suministro - Blog Iniciativas Empresariales","og_description":"Autor del curso: Jos\u00e9 A. Pe\u00f1a Seminario Inteligencia de Negocios aplicada a la Log\u00edstica de la cadena de suministro: c\u00f3mo optimizar compras, inventarios y distribuci\u00f3n con decisiones basadas en datos En log\u00edstica, tomar decisiones sin datos claros y actualizados puede generar sobrecostes, roturas de stock, retrasos en la distribuci\u00f3n y p\u00e9rdida de eficiencia operativa. Por&hellip;&nbsp;Leer m\u00e1s &raquo;Inteligencia de Negocios aplicada a la Log\u00edstica de la cadena de suministro","og_url":"https:\/\/www.iniciativasempresariales.com\/blog\/index.php\/2026\/04\/14\/inteligencia-de-negocios-aplicada-a-la-logistica-de-la-cadena-de-suministro\/","og_site_name":"Blog Iniciativas Empresariales","article_published_time":"2026-04-14T11:05:05+00:00","og_image":[{"width":794,"height":468,"url":"https:\/\/i0.wp.com\/www.iniciativasempresariales.com\/blog\/wp-content\/uploads\/2026\/04\/Captura-de-pantalla-2026-04-13-122316.png?fit=794%2C468&ssl=1","type":"image\/png"}],"author":"Becaris","twitter_card":"summary_large_image","twitter_misc":{"Escrito por":"Becaris","Tiempo de lectura":"3 minutos"},"schema":{"@context":"https:\/\/schema.org","@graph":[{"@type":"Article","@id":"https:\/\/www.iniciativasempresariales.com\/blog\/index.php\/2026\/04\/14\/inteligencia-de-negocios-aplicada-a-la-logistica-de-la-cadena-de-suministro\/#article","isPartOf":{"@id":"https:\/\/www.iniciativasempresariales.com\/blog\/index.php\/2026\/04\/14\/inteligencia-de-negocios-aplicada-a-la-logistica-de-la-cadena-de-suministro\/"},"author":{"name":"Becaris","@id":"https:\/\/www.iniciativasempresariales.com\/blog\/#\/schema\/person\/0fb69d180496543ed1adbf7bf1d0ce8a"},"headline":"Inteligencia de Negocios aplicada a la Log\u00edstica de la cadena de suministro","datePublished":"2026-04-14T11:05:05+00:00","mainEntityOfPage":{"@id":"https:\/\/www.iniciativasempresariales.com\/blog\/index.php\/2026\/04\/14\/inteligencia-de-negocios-aplicada-a-la-logistica-de-la-cadena-de-suministro\/"},"wordCount":465,"image":{"@id":"https:\/\/www.iniciativasempresariales.com\/blog\/index.php\/2026\/04\/14\/inteligencia-de-negocios-aplicada-a-la-logistica-de-la-cadena-de-suministro\/#primaryimage"},"thumbnailUrl":"https:\/\/i0.wp.com\/www.iniciativasempresariales.com\/blog\/wp-content\/uploads\/2026\/04\/Captura-de-pantalla-2026-04-13-122316.png?fit=794%2C468&ssl=1","articleSection":["Log\u00edstica"],"inLanguage":"es"},{"@type":"WebPage","@id":"https:\/\/www.iniciativasempresariales.com\/blog\/index.php\/2026\/04\/14\/inteligencia-de-negocios-aplicada-a-la-logistica-de-la-cadena-de-suministro\/","url":"https:\/\/www.iniciativasempresariales.com\/blog\/index.php\/2026\/04\/14\/inteligencia-de-negocios-aplicada-a-la-logistica-de-la-cadena-de-suministro\/","name":"Inteligencia de Negocios aplicada a la Log\u00edstica de la cadena de suministro - Blog Iniciativas Empresariales","isPartOf":{"@id":"https:\/\/www.iniciativasempresariales.com\/blog\/#website"},"primaryImageOfPage":{"@id":"https:\/\/www.iniciativasempresariales.com\/blog\/index.php\/2026\/04\/14\/inteligencia-de-negocios-aplicada-a-la-logistica-de-la-cadena-de-suministro\/#primaryimage"},"image":{"@id":"https:\/\/www.iniciativasempresariales.com\/blog\/index.php\/2026\/04\/14\/inteligencia-de-negocios-aplicada-a-la-logistica-de-la-cadena-de-suministro\/#primaryimage"},"thumbnailUrl":"https:\/\/i0.wp.com\/www.iniciativasempresariales.com\/blog\/wp-content\/uploads\/2026\/04\/Captura-de-pantalla-2026-04-13-122316.png?fit=794%2C468&ssl=1","datePublished":"2026-04-14T11:05:05+00:00","author":{"@id":"https:\/\/www.iniciativasempresariales.com\/blog\/#\/schema\/person\/0fb69d180496543ed1adbf7bf1d0ce8a"},"breadcrumb":{"@id":"https:\/\/www.iniciativasempresariales.com\/blog\/index.php\/2026\/04\/14\/inteligencia-de-negocios-aplicada-a-la-logistica-de-la-cadena-de-suministro\/#breadcrumb"},"inLanguage":"es","potentialAction":[{"@type":"ReadAction","target":["https:\/\/www.iniciativasempresariales.com\/blog\/index.php\/2026\/04\/14\/inteligencia-de-negocios-aplicada-a-la-logistica-de-la-cadena-de-suministro\/"]}]},{"@type":"ImageObject","inLanguage":"es","@id":"https:\/\/www.iniciativasempresariales.com\/blog\/index.php\/2026\/04\/14\/inteligencia-de-negocios-aplicada-a-la-logistica-de-la-cadena-de-suministro\/#primaryimage","url":"https:\/\/i0.wp.com\/www.iniciativasempresariales.com\/blog\/wp-content\/uploads\/2026\/04\/Captura-de-pantalla-2026-04-13-122316.png?fit=794%2C468&ssl=1","contentUrl":"https:\/\/i0.wp.com\/www.iniciativasempresariales.com\/blog\/wp-content\/uploads\/2026\/04\/Captura-de-pantalla-2026-04-13-122316.png?fit=794%2C468&ssl=1","width":794,"height":468},{"@type":"BreadcrumbList","@id":"https:\/\/www.iniciativasempresariales.com\/blog\/index.php\/2026\/04\/14\/inteligencia-de-negocios-aplicada-a-la-logistica-de-la-cadena-de-suministro\/#breadcrumb","itemListElement":[{"@type":"ListItem","position":1,"name":"Portada","item":"https:\/\/www.iniciativasempresariales.com\/blog\/"},{"@type":"ListItem","position":2,"name":"Inteligencia de Negocios aplicada a la Log\u00edstica de la cadena de suministro"}]},{"@type":"WebSite","@id":"https:\/\/www.iniciativasempresariales.com\/blog\/#website","url":"https:\/\/www.iniciativasempresariales.com\/blog\/","name":"Blog Iniciativas Empresariales","description":"","potentialAction":[{"@type":"SearchAction","target":{"@type":"EntryPoint","urlTemplate":"https:\/\/www.iniciativasempresariales.com\/blog\/?s={search_term_string}"},"query-input":{"@type":"PropertyValueSpecification","valueRequired":true,"valueName":"search_term_string"}}],"inLanguage":"es"},{"@type":"Person","@id":"https:\/\/www.iniciativasempresariales.com\/blog\/#\/schema\/person\/0fb69d180496543ed1adbf7bf1d0ce8a","name":"Becaris","image":{"@type":"ImageObject","inLanguage":"es","@id":"https:\/\/secure.gravatar.com\/avatar\/1ba7f82ba3e8bfec5ea7f46ec3335ebf57ee29bd2120fa29eaa61ee1dbc2fb58?s=96&d=mm&r=g","url":"https:\/\/secure.gravatar.com\/avatar\/1ba7f82ba3e8bfec5ea7f46ec3335ebf57ee29bd2120fa29eaa61ee1dbc2fb58?s=96&d=mm&r=g","contentUrl":"https:\/\/secure.gravatar.com\/avatar\/1ba7f82ba3e8bfec5ea7f46ec3335ebf57ee29bd2120fa29eaa61ee1dbc2fb58?s=96&d=mm&r=g","caption":"Becaris"},"url":"https:\/\/www.iniciativasempresariales.com\/blog\/index.php\/author\/becaris_ie_2025\/"}]}},"jetpack_featured_media_url":"https:\/\/i0.wp.com\/www.iniciativasempresariales.com\/blog\/wp-content\/uploads\/2026\/04\/Captura-de-pantalla-2026-04-13-122316.png?fit=794%2C468&ssl=1","jetpack_sharing_enabled":true,"_links":{"self":[{"href":"https:\/\/www.iniciativasempresariales.com\/blog\/index.php\/wp-json\/wp\/v2\/posts\/1030","targetHints":{"allow":["GET"]}}],"collection":[{"href":"https:\/\/www.iniciativasempresariales.com\/blog\/index.php\/wp-json\/wp\/v2\/posts"}],"about":[{"href":"https:\/\/www.iniciativasempresariales.com\/blog\/index.php\/wp-json\/wp\/v2\/types\/post"}],"author":[{"embeddable":true,"href":"https:\/\/www.iniciativasempresariales.com\/blog\/index.php\/wp-json\/wp\/v2\/users\/3"}],"replies":[{"embeddable":true,"href":"https:\/\/www.iniciativasempresariales.com\/blog\/index.php\/wp-json\/wp\/v2\/comments?post=1030"}],"version-history":[{"count":1,"href":"https:\/\/www.iniciativasempresariales.com\/blog\/index.php\/wp-json\/wp\/v2\/posts\/1030\/revisions"}],"predecessor-version":[{"id":1032,"href":"https:\/\/www.iniciativasempresariales.com\/blog\/index.php\/wp-json\/wp\/v2\/posts\/1030\/revisions\/1032"}],"wp:featuredmedia":[{"embeddable":true,"href":"https:\/\/www.iniciativasempresariales.com\/blog\/index.php\/wp-json\/wp\/v2\/media\/1031"}],"wp:attachment":[{"href":"https:\/\/www.iniciativasempresariales.com\/blog\/index.php\/wp-json\/wp\/v2\/media?parent=1030"}],"wp:term":[{"taxonomy":"category","embeddable":true,"href":"https:\/\/www.iniciativasempresariales.com\/blog\/index.php\/wp-json\/wp\/v2\/categories?post=1030"},{"taxonomy":"post_tag","embeddable":true,"href":"https:\/\/www.iniciativasempresariales.com\/blog\/index.php\/wp-json\/wp\/v2\/tags?post=1030"}],"curies":[{"name":"wp","href":"https:\/\/api.w.org\/{rel}","templated":true}]}}