{"id":1070,"date":"2026-04-23T09:24:26","date_gmt":"2026-04-23T09:24:26","guid":{"rendered":"https:\/\/www.iniciativasempresariales.com\/blog\/?p=1070"},"modified":"2026-04-20T09:28:20","modified_gmt":"2026-04-20T09:28:20","slug":"gestion-de-crisis-y-continuidad-de-negocio","status":"publish","type":"post","link":"https:\/\/www.iniciativasempresariales.com\/blog\/index.php\/2026\/04\/23\/gestion-de-crisis-y-continuidad-de-negocio\/","title":{"rendered":"Gesti\u00f3n de Crisis y Continuidad de Negocio"},"content":{"rendered":"\n<p>Autor del curso: <strong>Jos\u00e9 Alberto Rodr\u00edguez Hern\u00e1ndez<\/strong><\/p>\n\n\n\n<h2 class=\"wp-block-heading\">Gesti\u00f3n de Crisis y Continuidad de Negocio: c\u00f3mo preparar a la empresa para responder con rapidez, coordinaci\u00f3n y eficacia ante cualquier incidente cr\u00edtico<\/h2>\n\n\n\n<p>En un entorno empresarial cada vez m\u00e1s expuesto a incidentes operativos, reputacionales, tecnol\u00f3gicos o regulatorios, disponer de una estructura de respuesta bien definida ya no es una opci\u00f3n, sino una necesidad estrat\u00e9gica. Una crisis mal gestionada puede afectar a la continuidad del negocio, deteriorar la confianza de clientes y empleados y generar impactos econ\u00f3micos y reputacionales dif\u00edciles de revertir.<\/p>\n\n\n\n<p>Dise\u00f1ar protocolos claros, activar comit\u00e9s de crisis eficaces y coordinar una comunicaci\u00f3n interna y externa adecuada permite reducir el impacto de cualquier incidente y fortalecer la capacidad de recuperaci\u00f3n de la organizaci\u00f3n.<\/p>\n\n\n\n<h2 class=\"wp-block-heading\">Los principales retos que enfrentan las empresas<\/h2>\n\n\n\n<ul class=\"wp-block-list\">\n<li>Falta de protocolos claros para actuar ante situaciones cr\u00edticas.<\/li>\n\n\n\n<li>Descoordinaci\u00f3n entre \u00e1reas clave en los primeros momentos de una crisis.<\/li>\n\n\n\n<li>Dificultad para asignar roles y responsabilidades dentro del comit\u00e9 de respuesta.<\/li>\n\n\n\n<li>Problemas en la comunicaci\u00f3n interna y externa durante incidentes relevantes.<\/li>\n\n\n\n<li>Escasa preparaci\u00f3n para garantizar la continuidad del negocio tras una interrupci\u00f3n.<\/li>\n<\/ul>\n\n\n\n<h2 class=\"wp-block-heading\">La soluci\u00f3n: implantar una gesti\u00f3n de crisis y continuidad de negocio estructurada y eficaz<\/h2>\n\n\n\n<p>Formarse en este \u00e1mbito permite a los profesionales:<\/p>\n\n\n\n<p>\u2714\ufe0f Dise\u00f1ar protocolos de actuaci\u00f3n adaptados a distintos tipos de crisis.<br>\u2714\ufe0f Organizar comit\u00e9s de respuesta con funciones y responsabilidades bien definidas.<br>\u2714\ufe0f Mejorar la coordinaci\u00f3n entre \u00e1reas clave durante una situaci\u00f3n cr\u00edtica.<br>\u2714\ufe0f Gestionar la comunicaci\u00f3n interna y externa con mayor control y coherencia.<br>\u2714\ufe0f Reforzar la continuidad del negocio y la capacidad de recuperaci\u00f3n de la organizaci\u00f3n.<\/p>\n\n\n\n<h2 class=\"wp-block-heading\"><strong>\u00bfQu\u00e9 aprender\u00e1s en el curso?<\/strong><\/h2>\n\n\n\n<ul class=\"wp-block-list\">\n<li>Fundamentos de la gesti\u00f3n de crisis y de la continuidad de negocio.<\/li>\n\n\n\n<li>Metodolog\u00edas para dise\u00f1ar protocolos y planes de respuesta.<\/li>\n\n\n\n<li>Estructura y funcionamiento de comit\u00e9s de crisis.<\/li>\n\n\n\n<li>Claves para gestionar la comunicaci\u00f3n en situaciones cr\u00edticas.<\/li>\n\n\n\n<li>Herramientas para reducir el impacto de incidentes y acelerar la recuperaci\u00f3n.<\/li>\n<\/ul>\n\n\n\n<p>Una formaci\u00f3n dirigida a directivos, responsables de riesgos, compliance, auditor\u00eda interna, continuidad de negocio y profesionales que necesiten preparar a su organizaci\u00f3n para responder con eficacia ante escenarios de crisis.<br><\/p>\n\n\n\n<div class=\"wp-block-buttons is-layout-flex wp-block-buttons-is-layout-flex\">\n<div class=\"wp-block-button is-style-primary\"><a class=\"wp-block-button__link wp-element-button\" href=\"https:\/\/www.iniciativasempresariales.com\/ficha_curso.php?c=2063\">+ Informaci\u00f3n del curso<\/a><\/div>\n<\/div>\n\n\n\n<p><\/p>\n\n\n\n<figure class=\"wp-block-embed is-type-video is-provider-youtube wp-block-embed-youtube wp-embed-aspect-16-9 wp-has-aspect-ratio\"><div class=\"wp-block-embed__wrapper\">\n<div class=\"nv-iframe-embed\"><iframe loading=\"lazy\" title=\"Gesti\u00f3n de Crisis y Continuidad de Negocio\" width=\"1200\" height=\"675\" src=\"https:\/\/www.youtube.com\/embed\/73VVya5-Gzs?feature=oembed\" frameborder=\"0\" allow=\"accelerometer; autoplay; clipboard-write; encrypted-media; gyroscope; picture-in-picture; web-share\" referrerpolicy=\"strict-origin-when-cross-origin\" allowfullscreen><\/iframe><\/div>\n<\/div><\/figure>\n\n\n\n<p><\/p>\n","protected":false},"excerpt":{"rendered":"<p>Autor del curso: Jos\u00e9 Alberto Rodr\u00edguez Hern\u00e1ndez Gesti\u00f3n de Crisis y Continuidad de Negocio: c\u00f3mo preparar a la empresa para responder con rapidez, coordinaci\u00f3n y eficacia ante cualquier incidente cr\u00edtico En un entorno empresarial cada vez m\u00e1s expuesto a incidentes operativos, reputacionales, tecnol\u00f3gicos o regulatorios, disponer de una estructura de respuesta bien definida ya no&hellip;&nbsp;<a href=\"https:\/\/www.iniciativasempresariales.com\/blog\/index.php\/2026\/04\/23\/gestion-de-crisis-y-continuidad-de-negocio\/\" class=\"\" rel=\"bookmark\">Leer m\u00e1s &raquo;<span class=\"screen-reader-text\">Gesti\u00f3n de Crisis y Continuidad de Negocio<\/span><\/a><\/p>\n","protected":false},"author":3,"featured_media":1071,"comment_status":"closed","ping_status":"open","sticky":false,"template":"","format":"standard","meta":{"neve_meta_sidebar":"","neve_meta_container":"","neve_meta_enable_content_width":"","neve_meta_content_width":0,"neve_meta_title_alignment":"","neve_meta_author_avatar":"","neve_post_elements_order":"","neve_meta_disable_header":"","neve_meta_disable_footer":"","neve_meta_disable_title":"","footnotes":""},"categories":[8],"tags":[],"class_list":["post-1070","post","type-post","status-publish","format-standard","has-post-thumbnail","hentry","category-gestion-empresarial"],"yoast_head":"<!-- This site is optimized with the Yoast SEO plugin v27.5 - https:\/\/yoast.com\/product\/yoast-seo-wordpress\/ -->\n<title>Gesti\u00f3n de Crisis y Continuidad de Negocio - Blog Iniciativas Empresariales<\/title>\n<meta name=\"robots\" content=\"index, follow, max-snippet:-1, max-image-preview:large, max-video-preview:-1\" \/>\n<link rel=\"canonical\" href=\"https:\/\/www.iniciativasempresariales.com\/blog\/index.php\/2026\/04\/23\/gestion-de-crisis-y-continuidad-de-negocio\/\" \/>\n<meta property=\"og:locale\" content=\"es_ES\" \/>\n<meta property=\"og:type\" content=\"article\" \/>\n<meta property=\"og:title\" content=\"Gesti\u00f3n de Crisis y Continuidad de Negocio - Blog Iniciativas Empresariales\" \/>\n<meta property=\"og:description\" content=\"Autor del curso: Jos\u00e9 Alberto Rodr\u00edguez Hern\u00e1ndez Gesti\u00f3n de Crisis y Continuidad de Negocio: c\u00f3mo preparar a la empresa para responder con rapidez, coordinaci\u00f3n y eficacia ante cualquier incidente cr\u00edtico En un entorno empresarial cada vez m\u00e1s expuesto a incidentes operativos, reputacionales, tecnol\u00f3gicos o regulatorios, disponer de una estructura de respuesta bien definida ya no&hellip;&nbsp;Leer m\u00e1s &raquo;Gesti\u00f3n de Crisis y Continuidad de Negocio\" \/>\n<meta property=\"og:url\" content=\"https:\/\/www.iniciativasempresariales.com\/blog\/index.php\/2026\/04\/23\/gestion-de-crisis-y-continuidad-de-negocio\/\" \/>\n<meta property=\"og:site_name\" content=\"Blog Iniciativas Empresariales\" \/>\n<meta property=\"article:published_time\" content=\"2026-04-23T09:24:26+00:00\" \/>\n<meta property=\"og:image\" content=\"https:\/\/i0.wp.com\/www.iniciativasempresariales.com\/blog\/wp-content\/uploads\/2026\/04\/Captura-de-pantalla-2026-04-20-105726.png?fit=789%2C471&ssl=1\" \/>\n\t<meta property=\"og:image:width\" content=\"789\" \/>\n\t<meta property=\"og:image:height\" content=\"471\" \/>\n\t<meta property=\"og:image:type\" content=\"image\/png\" \/>\n<meta name=\"author\" content=\"Becaris\" \/>\n<meta name=\"twitter:card\" content=\"summary_large_image\" \/>\n<meta name=\"twitter:label1\" content=\"Escrito por\" \/>\n\t<meta name=\"twitter:data1\" content=\"Becaris\" \/>\n\t<meta name=\"twitter:label2\" content=\"Tiempo de lectura\" \/>\n\t<meta name=\"twitter:data2\" content=\"2 minutos\" \/>\n<script type=\"application\/ld+json\" class=\"yoast-schema-graph\">{\"@context\":\"https:\\\/\\\/schema.org\",\"@graph\":[{\"@type\":\"Article\",\"@id\":\"https:\\\/\\\/www.iniciativasempresariales.com\\\/blog\\\/index.php\\\/2026\\\/04\\\/23\\\/gestion-de-crisis-y-continuidad-de-negocio\\\/#article\",\"isPartOf\":{\"@id\":\"https:\\\/\\\/www.iniciativasempresariales.com\\\/blog\\\/index.php\\\/2026\\\/04\\\/23\\\/gestion-de-crisis-y-continuidad-de-negocio\\\/\"},\"author\":{\"name\":\"Becaris\",\"@id\":\"https:\\\/\\\/www.iniciativasempresariales.com\\\/blog\\\/#\\\/schema\\\/person\\\/0fb69d180496543ed1adbf7bf1d0ce8a\"},\"headline\":\"Gesti\u00f3n de Crisis y Continuidad de Negocio\",\"datePublished\":\"2026-04-23T09:24:26+00:00\",\"mainEntityOfPage\":{\"@id\":\"https:\\\/\\\/www.iniciativasempresariales.com\\\/blog\\\/index.php\\\/2026\\\/04\\\/23\\\/gestion-de-crisis-y-continuidad-de-negocio\\\/\"},\"wordCount\":398,\"image\":{\"@id\":\"https:\\\/\\\/www.iniciativasempresariales.com\\\/blog\\\/index.php\\\/2026\\\/04\\\/23\\\/gestion-de-crisis-y-continuidad-de-negocio\\\/#primaryimage\"},\"thumbnailUrl\":\"https:\\\/\\\/i0.wp.com\\\/www.iniciativasempresariales.com\\\/blog\\\/wp-content\\\/uploads\\\/2026\\\/04\\\/Captura-de-pantalla-2026-04-20-105726.png?fit=789%2C471&ssl=1\",\"articleSection\":[\"Gesti\u00f3n empresarial\"],\"inLanguage\":\"es\"},{\"@type\":\"WebPage\",\"@id\":\"https:\\\/\\\/www.iniciativasempresariales.com\\\/blog\\\/index.php\\\/2026\\\/04\\\/23\\\/gestion-de-crisis-y-continuidad-de-negocio\\\/\",\"url\":\"https:\\\/\\\/www.iniciativasempresariales.com\\\/blog\\\/index.php\\\/2026\\\/04\\\/23\\\/gestion-de-crisis-y-continuidad-de-negocio\\\/\",\"name\":\"Gesti\u00f3n de Crisis y Continuidad de Negocio - Blog Iniciativas Empresariales\",\"isPartOf\":{\"@id\":\"https:\\\/\\\/www.iniciativasempresariales.com\\\/blog\\\/#website\"},\"primaryImageOfPage\":{\"@id\":\"https:\\\/\\\/www.iniciativasempresariales.com\\\/blog\\\/index.php\\\/2026\\\/04\\\/23\\\/gestion-de-crisis-y-continuidad-de-negocio\\\/#primaryimage\"},\"image\":{\"@id\":\"https:\\\/\\\/www.iniciativasempresariales.com\\\/blog\\\/index.php\\\/2026\\\/04\\\/23\\\/gestion-de-crisis-y-continuidad-de-negocio\\\/#primaryimage\"},\"thumbnailUrl\":\"https:\\\/\\\/i0.wp.com\\\/www.iniciativasempresariales.com\\\/blog\\\/wp-content\\\/uploads\\\/2026\\\/04\\\/Captura-de-pantalla-2026-04-20-105726.png?fit=789%2C471&ssl=1\",\"datePublished\":\"2026-04-23T09:24:26+00:00\",\"author\":{\"@id\":\"https:\\\/\\\/www.iniciativasempresariales.com\\\/blog\\\/#\\\/schema\\\/person\\\/0fb69d180496543ed1adbf7bf1d0ce8a\"},\"breadcrumb\":{\"@id\":\"https:\\\/\\\/www.iniciativasempresariales.com\\\/blog\\\/index.php\\\/2026\\\/04\\\/23\\\/gestion-de-crisis-y-continuidad-de-negocio\\\/#breadcrumb\"},\"inLanguage\":\"es\",\"potentialAction\":[{\"@type\":\"ReadAction\",\"target\":[\"https:\\\/\\\/www.iniciativasempresariales.com\\\/blog\\\/index.php\\\/2026\\\/04\\\/23\\\/gestion-de-crisis-y-continuidad-de-negocio\\\/\"]}]},{\"@type\":\"ImageObject\",\"inLanguage\":\"es\",\"@id\":\"https:\\\/\\\/www.iniciativasempresariales.com\\\/blog\\\/index.php\\\/2026\\\/04\\\/23\\\/gestion-de-crisis-y-continuidad-de-negocio\\\/#primaryimage\",\"url\":\"https:\\\/\\\/i0.wp.com\\\/www.iniciativasempresariales.com\\\/blog\\\/wp-content\\\/uploads\\\/2026\\\/04\\\/Captura-de-pantalla-2026-04-20-105726.png?fit=789%2C471&ssl=1\",\"contentUrl\":\"https:\\\/\\\/i0.wp.com\\\/www.iniciativasempresariales.com\\\/blog\\\/wp-content\\\/uploads\\\/2026\\\/04\\\/Captura-de-pantalla-2026-04-20-105726.png?fit=789%2C471&ssl=1\",\"width\":789,\"height\":471},{\"@type\":\"BreadcrumbList\",\"@id\":\"https:\\\/\\\/www.iniciativasempresariales.com\\\/blog\\\/index.php\\\/2026\\\/04\\\/23\\\/gestion-de-crisis-y-continuidad-de-negocio\\\/#breadcrumb\",\"itemListElement\":[{\"@type\":\"ListItem\",\"position\":1,\"name\":\"Portada\",\"item\":\"https:\\\/\\\/www.iniciativasempresariales.com\\\/blog\\\/\"},{\"@type\":\"ListItem\",\"position\":2,\"name\":\"Gesti\u00f3n de Crisis y Continuidad de Negocio\"}]},{\"@type\":\"WebSite\",\"@id\":\"https:\\\/\\\/www.iniciativasempresariales.com\\\/blog\\\/#website\",\"url\":\"https:\\\/\\\/www.iniciativasempresariales.com\\\/blog\\\/\",\"name\":\"Blog Iniciativas Empresariales\",\"description\":\"\",\"potentialAction\":[{\"@type\":\"SearchAction\",\"target\":{\"@type\":\"EntryPoint\",\"urlTemplate\":\"https:\\\/\\\/www.iniciativasempresariales.com\\\/blog\\\/?s={search_term_string}\"},\"query-input\":{\"@type\":\"PropertyValueSpecification\",\"valueRequired\":true,\"valueName\":\"search_term_string\"}}],\"inLanguage\":\"es\"},{\"@type\":\"Person\",\"@id\":\"https:\\\/\\\/www.iniciativasempresariales.com\\\/blog\\\/#\\\/schema\\\/person\\\/0fb69d180496543ed1adbf7bf1d0ce8a\",\"name\":\"Becaris\",\"image\":{\"@type\":\"ImageObject\",\"inLanguage\":\"es\",\"@id\":\"https:\\\/\\\/secure.gravatar.com\\\/avatar\\\/1ba7f82ba3e8bfec5ea7f46ec3335ebf57ee29bd2120fa29eaa61ee1dbc2fb58?s=96&d=mm&r=g\",\"url\":\"https:\\\/\\\/secure.gravatar.com\\\/avatar\\\/1ba7f82ba3e8bfec5ea7f46ec3335ebf57ee29bd2120fa29eaa61ee1dbc2fb58?s=96&d=mm&r=g\",\"contentUrl\":\"https:\\\/\\\/secure.gravatar.com\\\/avatar\\\/1ba7f82ba3e8bfec5ea7f46ec3335ebf57ee29bd2120fa29eaa61ee1dbc2fb58?s=96&d=mm&r=g\",\"caption\":\"Becaris\"},\"url\":\"https:\\\/\\\/www.iniciativasempresariales.com\\\/blog\\\/index.php\\\/author\\\/becaris_ie_2025\\\/\"}]}<\/script>\n<!-- \/ Yoast SEO plugin. -->","yoast_head_json":{"title":"Gesti\u00f3n de Crisis y Continuidad de Negocio - Blog Iniciativas Empresariales","robots":{"index":"index","follow":"follow","max-snippet":"max-snippet:-1","max-image-preview":"max-image-preview:large","max-video-preview":"max-video-preview:-1"},"canonical":"https:\/\/www.iniciativasempresariales.com\/blog\/index.php\/2026\/04\/23\/gestion-de-crisis-y-continuidad-de-negocio\/","og_locale":"es_ES","og_type":"article","og_title":"Gesti\u00f3n de Crisis y Continuidad de Negocio - Blog Iniciativas Empresariales","og_description":"Autor del curso: Jos\u00e9 Alberto Rodr\u00edguez Hern\u00e1ndez Gesti\u00f3n de Crisis y Continuidad de Negocio: c\u00f3mo preparar a la empresa para responder con rapidez, coordinaci\u00f3n y eficacia ante cualquier incidente cr\u00edtico En un entorno empresarial cada vez m\u00e1s expuesto a incidentes operativos, reputacionales, tecnol\u00f3gicos o regulatorios, disponer de una estructura de respuesta bien definida ya no&hellip;&nbsp;Leer m\u00e1s &raquo;Gesti\u00f3n de Crisis y Continuidad de Negocio","og_url":"https:\/\/www.iniciativasempresariales.com\/blog\/index.php\/2026\/04\/23\/gestion-de-crisis-y-continuidad-de-negocio\/","og_site_name":"Blog Iniciativas Empresariales","article_published_time":"2026-04-23T09:24:26+00:00","og_image":[{"width":789,"height":471,"url":"https:\/\/i0.wp.com\/www.iniciativasempresariales.com\/blog\/wp-content\/uploads\/2026\/04\/Captura-de-pantalla-2026-04-20-105726.png?fit=789%2C471&ssl=1","type":"image\/png"}],"author":"Becaris","twitter_card":"summary_large_image","twitter_misc":{"Escrito por":"Becaris","Tiempo de lectura":"2 minutos"},"schema":{"@context":"https:\/\/schema.org","@graph":[{"@type":"Article","@id":"https:\/\/www.iniciativasempresariales.com\/blog\/index.php\/2026\/04\/23\/gestion-de-crisis-y-continuidad-de-negocio\/#article","isPartOf":{"@id":"https:\/\/www.iniciativasempresariales.com\/blog\/index.php\/2026\/04\/23\/gestion-de-crisis-y-continuidad-de-negocio\/"},"author":{"name":"Becaris","@id":"https:\/\/www.iniciativasempresariales.com\/blog\/#\/schema\/person\/0fb69d180496543ed1adbf7bf1d0ce8a"},"headline":"Gesti\u00f3n de Crisis y Continuidad de Negocio","datePublished":"2026-04-23T09:24:26+00:00","mainEntityOfPage":{"@id":"https:\/\/www.iniciativasempresariales.com\/blog\/index.php\/2026\/04\/23\/gestion-de-crisis-y-continuidad-de-negocio\/"},"wordCount":398,"image":{"@id":"https:\/\/www.iniciativasempresariales.com\/blog\/index.php\/2026\/04\/23\/gestion-de-crisis-y-continuidad-de-negocio\/#primaryimage"},"thumbnailUrl":"https:\/\/i0.wp.com\/www.iniciativasempresariales.com\/blog\/wp-content\/uploads\/2026\/04\/Captura-de-pantalla-2026-04-20-105726.png?fit=789%2C471&ssl=1","articleSection":["Gesti\u00f3n empresarial"],"inLanguage":"es"},{"@type":"WebPage","@id":"https:\/\/www.iniciativasempresariales.com\/blog\/index.php\/2026\/04\/23\/gestion-de-crisis-y-continuidad-de-negocio\/","url":"https:\/\/www.iniciativasempresariales.com\/blog\/index.php\/2026\/04\/23\/gestion-de-crisis-y-continuidad-de-negocio\/","name":"Gesti\u00f3n de Crisis y Continuidad de Negocio - Blog Iniciativas Empresariales","isPartOf":{"@id":"https:\/\/www.iniciativasempresariales.com\/blog\/#website"},"primaryImageOfPage":{"@id":"https:\/\/www.iniciativasempresariales.com\/blog\/index.php\/2026\/04\/23\/gestion-de-crisis-y-continuidad-de-negocio\/#primaryimage"},"image":{"@id":"https:\/\/www.iniciativasempresariales.com\/blog\/index.php\/2026\/04\/23\/gestion-de-crisis-y-continuidad-de-negocio\/#primaryimage"},"thumbnailUrl":"https:\/\/i0.wp.com\/www.iniciativasempresariales.com\/blog\/wp-content\/uploads\/2026\/04\/Captura-de-pantalla-2026-04-20-105726.png?fit=789%2C471&ssl=1","datePublished":"2026-04-23T09:24:26+00:00","author":{"@id":"https:\/\/www.iniciativasempresariales.com\/blog\/#\/schema\/person\/0fb69d180496543ed1adbf7bf1d0ce8a"},"breadcrumb":{"@id":"https:\/\/www.iniciativasempresariales.com\/blog\/index.php\/2026\/04\/23\/gestion-de-crisis-y-continuidad-de-negocio\/#breadcrumb"},"inLanguage":"es","potentialAction":[{"@type":"ReadAction","target":["https:\/\/www.iniciativasempresariales.com\/blog\/index.php\/2026\/04\/23\/gestion-de-crisis-y-continuidad-de-negocio\/"]}]},{"@type":"ImageObject","inLanguage":"es","@id":"https:\/\/www.iniciativasempresariales.com\/blog\/index.php\/2026\/04\/23\/gestion-de-crisis-y-continuidad-de-negocio\/#primaryimage","url":"https:\/\/i0.wp.com\/www.iniciativasempresariales.com\/blog\/wp-content\/uploads\/2026\/04\/Captura-de-pantalla-2026-04-20-105726.png?fit=789%2C471&ssl=1","contentUrl":"https:\/\/i0.wp.com\/www.iniciativasempresariales.com\/blog\/wp-content\/uploads\/2026\/04\/Captura-de-pantalla-2026-04-20-105726.png?fit=789%2C471&ssl=1","width":789,"height":471},{"@type":"BreadcrumbList","@id":"https:\/\/www.iniciativasempresariales.com\/blog\/index.php\/2026\/04\/23\/gestion-de-crisis-y-continuidad-de-negocio\/#breadcrumb","itemListElement":[{"@type":"ListItem","position":1,"name":"Portada","item":"https:\/\/www.iniciativasempresariales.com\/blog\/"},{"@type":"ListItem","position":2,"name":"Gesti\u00f3n de Crisis y Continuidad de Negocio"}]},{"@type":"WebSite","@id":"https:\/\/www.iniciativasempresariales.com\/blog\/#website","url":"https:\/\/www.iniciativasempresariales.com\/blog\/","name":"Blog Iniciativas Empresariales","description":"","potentialAction":[{"@type":"SearchAction","target":{"@type":"EntryPoint","urlTemplate":"https:\/\/www.iniciativasempresariales.com\/blog\/?s={search_term_string}"},"query-input":{"@type":"PropertyValueSpecification","valueRequired":true,"valueName":"search_term_string"}}],"inLanguage":"es"},{"@type":"Person","@id":"https:\/\/www.iniciativasempresariales.com\/blog\/#\/schema\/person\/0fb69d180496543ed1adbf7bf1d0ce8a","name":"Becaris","image":{"@type":"ImageObject","inLanguage":"es","@id":"https:\/\/secure.gravatar.com\/avatar\/1ba7f82ba3e8bfec5ea7f46ec3335ebf57ee29bd2120fa29eaa61ee1dbc2fb58?s=96&d=mm&r=g","url":"https:\/\/secure.gravatar.com\/avatar\/1ba7f82ba3e8bfec5ea7f46ec3335ebf57ee29bd2120fa29eaa61ee1dbc2fb58?s=96&d=mm&r=g","contentUrl":"https:\/\/secure.gravatar.com\/avatar\/1ba7f82ba3e8bfec5ea7f46ec3335ebf57ee29bd2120fa29eaa61ee1dbc2fb58?s=96&d=mm&r=g","caption":"Becaris"},"url":"https:\/\/www.iniciativasempresariales.com\/blog\/index.php\/author\/becaris_ie_2025\/"}]}},"jetpack_featured_media_url":"https:\/\/i0.wp.com\/www.iniciativasempresariales.com\/blog\/wp-content\/uploads\/2026\/04\/Captura-de-pantalla-2026-04-20-105726.png?fit=789%2C471&ssl=1","jetpack_sharing_enabled":true,"_links":{"self":[{"href":"https:\/\/www.iniciativasempresariales.com\/blog\/index.php\/wp-json\/wp\/v2\/posts\/1070","targetHints":{"allow":["GET"]}}],"collection":[{"href":"https:\/\/www.iniciativasempresariales.com\/blog\/index.php\/wp-json\/wp\/v2\/posts"}],"about":[{"href":"https:\/\/www.iniciativasempresariales.com\/blog\/index.php\/wp-json\/wp\/v2\/types\/post"}],"author":[{"embeddable":true,"href":"https:\/\/www.iniciativasempresariales.com\/blog\/index.php\/wp-json\/wp\/v2\/users\/3"}],"replies":[{"embeddable":true,"href":"https:\/\/www.iniciativasempresariales.com\/blog\/index.php\/wp-json\/wp\/v2\/comments?post=1070"}],"version-history":[{"count":1,"href":"https:\/\/www.iniciativasempresariales.com\/blog\/index.php\/wp-json\/wp\/v2\/posts\/1070\/revisions"}],"predecessor-version":[{"id":1072,"href":"https:\/\/www.iniciativasempresariales.com\/blog\/index.php\/wp-json\/wp\/v2\/posts\/1070\/revisions\/1072"}],"wp:featuredmedia":[{"embeddable":true,"href":"https:\/\/www.iniciativasempresariales.com\/blog\/index.php\/wp-json\/wp\/v2\/media\/1071"}],"wp:attachment":[{"href":"https:\/\/www.iniciativasempresariales.com\/blog\/index.php\/wp-json\/wp\/v2\/media?parent=1070"}],"wp:term":[{"taxonomy":"category","embeddable":true,"href":"https:\/\/www.iniciativasempresariales.com\/blog\/index.php\/wp-json\/wp\/v2\/categories?post=1070"},{"taxonomy":"post_tag","embeddable":true,"href":"https:\/\/www.iniciativasempresariales.com\/blog\/index.php\/wp-json\/wp\/v2\/tags?post=1070"}],"curies":[{"name":"wp","href":"https:\/\/api.w.org\/{rel}","templated":true}]}}