{"id":1083,"date":"2026-04-30T12:00:00","date_gmt":"2026-04-30T12:00:00","guid":{"rendered":"https:\/\/www.iniciativasempresariales.com\/blog\/?p=1083"},"modified":"2026-04-27T10:06:28","modified_gmt":"2026-04-27T10:06:28","slug":"apertura-y-gestion-de-nuevos-mercados-internacionales","status":"publish","type":"post","link":"https:\/\/www.iniciativasempresariales.com\/blog\/index.php\/2026\/04\/30\/apertura-y-gestion-de-nuevos-mercados-internacionales\/","title":{"rendered":"Apertura y Gesti\u00f3n de nuevos Mercados Internacionales"},"content":{"rendered":"\n<p>Autor del curso: <strong>Javier Guti\u00e9rrez Pascual<\/strong><\/p>\n\n\n\n<h2 class=\"wp-block-heading\">Apertura y Gesti\u00f3n de nuevos Mercados Internacionales: c\u00f3mo expandir su empresa con criterio, identificar mercados objetivo y encontrar socios comerciales adecuados<\/h2>\n\n\n\n<p>Crecer en mercados internacionales ya no consiste solo en exportar m\u00e1s. Requiere elegir bien los pa\u00edses objetivo, entender el contexto competitivo, decidir el modelo de entrada m\u00e1s adecuado y localizar colaboradores fiables que ayuden a consolidar la expansi\u00f3n. Cuando una empresa aborda este proceso sin an\u00e1lisis ni planificaci\u00f3n, aumenta el riesgo de invertir recursos en mercados poco rentables, seleccionar mal a sus partners o perder oportunidades reales de negocio.<\/p>\n\n\n\n<p>La internacionalizaci\u00f3n bien gestionada permite priorizar geograf\u00edas, detectar oportunidades concretas, definir alianzas m\u00e1s s\u00f3lidas y utilizar nuevas herramientas para abrir mercado con m\u00e1s rapidez y menos incertidumbre. En un entorno global cambiante, disponer de una metodolog\u00eda clara para analizar pa\u00edses, identificar distribuidores o colaboradores y afianzar acuerdos comerciales es clave para crecer con m\u00e1s seguridad.<\/p>\n\n\n\n<h2 class=\"wp-block-heading\">Los principales retos que enfrentan las empresas<\/h2>\n\n\n\n<ul class=\"wp-block-list\">\n<li>Dificultad para seleccionar los mercados internacionales con mayor potencial.<\/li>\n\n\n\n<li>Falta de criterios para decidir entre exportaci\u00f3n directa, indirecta o alianzas con terceros.<\/li>\n\n\n\n<li>Desconocimiento de los actores clave que intervienen en el comercio internacional.<\/li>\n\n\n\n<li>Problemas para identificar distribuidores, colaboradores o partners adecuados.<\/li>\n\n\n\n<li>Necesidad de utilizar herramientas digitales e Inteligencia Artificial para localizar y contactar oportunidades reales de negocio.<\/li>\n<\/ul>\n\n\n\n<h2 class=\"wp-block-heading\">La soluci\u00f3n: abrir nuevos mercados con una estrategia internacional bien estructurada<\/h2>\n\n\n\n<p>Formarse en este \u00e1mbito permite a los profesionales:<\/p>\n\n\n\n<p>\u2714\ufe0f Comprender las distintas v\u00edas de expansi\u00f3n internacional y cu\u00e1ndo aplicar cada una.<br>\u2714\ufe0f Priorizar pa\u00edses y mercados seg\u00fan el contexto internacional y la situaci\u00f3n interna de la empresa.<br>\u2714\ufe0f Identificar colaboradores, distribuidores y socios estrat\u00e9gicos m\u00e1s adecuados.<br>\u2714\ufe0f Utilizar nuevas tecnolog\u00edas, redes sociales e Inteligencia Artificial para acelerar la b\u00fasqueda comercial.<br>\u2714\ufe0f Dise\u00f1ar acuerdos internacionales m\u00e1s s\u00f3lidos y sostenibles.<\/p>\n\n\n\n<h2 class=\"wp-block-heading\"><strong>\u00bfQu\u00e9 aprender\u00e1s en el curso?<\/strong><\/h2>\n\n\n\n<ul class=\"wp-block-list\">\n<li>Conceptos clave de exportaci\u00f3n directa, indirecta y modelos de colaboraci\u00f3n internacional.<\/li>\n\n\n\n<li>Metodolog\u00edas para planificar la prioridad geogr\u00e1fica de la expansi\u00f3n.<\/li>\n\n\n\n<li>An\u00e1lisis de los distintos actores que intervienen en el comercio internacional.<\/li>\n\n\n\n<li>Uso de herramientas digitales, redes sociales e Inteligencia Artificial para localizar colaboradores y clientes potenciales.<\/li>\n\n\n\n<li>Claves para iniciar y gestionar acuerdos comerciales internacionales con mayor garant\u00eda de continuidad.<\/li>\n<\/ul>\n\n\n\n<p>Una formaci\u00f3n dirigida a empresas y profesionales que deseen abrir nuevos mercados con m\u00e1s criterio, reducir riesgos en su estrategia internacional y mejorar su capacidad para identificar oportunidades, partners y v\u00edas reales de crecimiento fuera de su mercado actual.<\/p>\n\n\n\n<div class=\"wp-block-buttons is-layout-flex wp-block-buttons-is-layout-flex\">\n<div class=\"wp-block-button is-style-primary\"><a class=\"wp-block-button__link wp-element-button\" href=\"https:\/\/www.iniciativasempresariales.com\/ficha_curso.php?c=2065\">+ Informaci\u00f3n del curso<\/a><\/div>\n<\/div>\n\n\n\n<p><\/p>\n\n\n\n<figure class=\"wp-block-embed is-type-video is-provider-youtube wp-block-embed-youtube wp-embed-aspect-16-9 wp-has-aspect-ratio\"><div class=\"wp-block-embed__wrapper\">\n<div class=\"nv-iframe-embed\"><iframe loading=\"lazy\" title=\"Apertura y Gesti\u00f3n de nuevos Mercados Internacionales\" width=\"1200\" height=\"675\" src=\"https:\/\/www.youtube.com\/embed\/Ko3xVhIVRDI?feature=oembed\" frameborder=\"0\" allow=\"accelerometer; autoplay; clipboard-write; encrypted-media; gyroscope; picture-in-picture; web-share\" referrerpolicy=\"strict-origin-when-cross-origin\" allowfullscreen><\/iframe><\/div>\n<\/div><\/figure>\n\n\n\n<p><\/p>\n","protected":false},"excerpt":{"rendered":"<p>Autor del curso: Javier Guti\u00e9rrez Pascual Apertura y Gesti\u00f3n de nuevos Mercados Internacionales: c\u00f3mo expandir su empresa con criterio, identificar mercados objetivo y encontrar socios comerciales adecuados Crecer en mercados internacionales ya no consiste solo en exportar m\u00e1s. Requiere elegir bien los pa\u00edses objetivo, entender el contexto competitivo, decidir el modelo de entrada m\u00e1s adecuado&hellip;&nbsp;<a href=\"https:\/\/www.iniciativasempresariales.com\/blog\/index.php\/2026\/04\/30\/apertura-y-gestion-de-nuevos-mercados-internacionales\/\" class=\"\" rel=\"bookmark\">Leer m\u00e1s &raquo;<span class=\"screen-reader-text\">Apertura y Gesti\u00f3n de nuevos Mercados Internacionales<\/span><\/a><\/p>\n","protected":false},"author":3,"featured_media":1080,"comment_status":"closed","ping_status":"open","sticky":false,"template":"","format":"standard","meta":{"neve_meta_sidebar":"","neve_meta_container":"","neve_meta_enable_content_width":"","neve_meta_content_width":0,"neve_meta_title_alignment":"","neve_meta_author_avatar":"","neve_post_elements_order":"","neve_meta_disable_header":"","neve_meta_disable_footer":"","neve_meta_disable_title":"","footnotes":""},"categories":[21],"tags":[],"class_list":["post-1083","post","type-post","status-publish","format-standard","has-post-thumbnail","hentry","category-exportacion-e-importacion"],"yoast_head":"<!-- This site is optimized with the Yoast SEO plugin v27.5 - https:\/\/yoast.com\/product\/yoast-seo-wordpress\/ -->\n<title>Apertura y Gesti\u00f3n de nuevos Mercados Internacionales - Blog Iniciativas Empresariales<\/title>\n<meta name=\"robots\" content=\"index, follow, max-snippet:-1, max-image-preview:large, max-video-preview:-1\" \/>\n<link rel=\"canonical\" href=\"https:\/\/www.iniciativasempresariales.com\/blog\/index.php\/2026\/04\/30\/apertura-y-gestion-de-nuevos-mercados-internacionales\/\" \/>\n<meta property=\"og:locale\" content=\"es_ES\" \/>\n<meta property=\"og:type\" content=\"article\" \/>\n<meta property=\"og:title\" content=\"Apertura y Gesti\u00f3n de nuevos Mercados Internacionales - Blog Iniciativas Empresariales\" \/>\n<meta property=\"og:description\" content=\"Autor del curso: Javier Guti\u00e9rrez Pascual Apertura y Gesti\u00f3n de nuevos Mercados Internacionales: c\u00f3mo expandir su empresa con criterio, identificar mercados objetivo y encontrar socios comerciales adecuados Crecer en mercados internacionales ya no consiste solo en exportar m\u00e1s. Requiere elegir bien los pa\u00edses objetivo, entender el contexto competitivo, decidir el modelo de entrada m\u00e1s adecuado&hellip;&nbsp;Leer m\u00e1s &raquo;Apertura y Gesti\u00f3n de nuevos Mercados Internacionales\" \/>\n<meta property=\"og:url\" content=\"https:\/\/www.iniciativasempresariales.com\/blog\/index.php\/2026\/04\/30\/apertura-y-gestion-de-nuevos-mercados-internacionales\/\" \/>\n<meta property=\"og:site_name\" content=\"Blog Iniciativas Empresariales\" \/>\n<meta property=\"article:published_time\" content=\"2026-04-30T12:00:00+00:00\" \/>\n<meta property=\"og:image\" content=\"https:\/\/i0.wp.com\/www.iniciativasempresariales.com\/blog\/wp-content\/uploads\/2026\/04\/Captura-de-pantalla-2026-04-27-112437.png?fit=788%2C469&ssl=1\" \/>\n\t<meta property=\"og:image:width\" content=\"788\" \/>\n\t<meta property=\"og:image:height\" content=\"469\" \/>\n\t<meta property=\"og:image:type\" content=\"image\/png\" \/>\n<meta name=\"author\" content=\"Becaris\" \/>\n<meta name=\"twitter:card\" content=\"summary_large_image\" \/>\n<meta name=\"twitter:label1\" content=\"Escrito por\" \/>\n\t<meta name=\"twitter:data1\" content=\"Becaris\" \/>\n\t<meta name=\"twitter:label2\" content=\"Tiempo de lectura\" \/>\n\t<meta name=\"twitter:data2\" content=\"3 minutos\" \/>\n<script type=\"application\/ld+json\" class=\"yoast-schema-graph\">{\"@context\":\"https:\\\/\\\/schema.org\",\"@graph\":[{\"@type\":\"Article\",\"@id\":\"https:\\\/\\\/www.iniciativasempresariales.com\\\/blog\\\/index.php\\\/2026\\\/04\\\/30\\\/apertura-y-gestion-de-nuevos-mercados-internacionales\\\/#article\",\"isPartOf\":{\"@id\":\"https:\\\/\\\/www.iniciativasempresariales.com\\\/blog\\\/index.php\\\/2026\\\/04\\\/30\\\/apertura-y-gestion-de-nuevos-mercados-internacionales\\\/\"},\"author\":{\"name\":\"Becaris\",\"@id\":\"https:\\\/\\\/www.iniciativasempresariales.com\\\/blog\\\/#\\\/schema\\\/person\\\/0fb69d180496543ed1adbf7bf1d0ce8a\"},\"headline\":\"Apertura y Gesti\u00f3n de nuevos Mercados Internacionales\",\"datePublished\":\"2026-04-30T12:00:00+00:00\",\"mainEntityOfPage\":{\"@id\":\"https:\\\/\\\/www.iniciativasempresariales.com\\\/blog\\\/index.php\\\/2026\\\/04\\\/30\\\/apertura-y-gestion-de-nuevos-mercados-internacionales\\\/\"},\"wordCount\":452,\"image\":{\"@id\":\"https:\\\/\\\/www.iniciativasempresariales.com\\\/blog\\\/index.php\\\/2026\\\/04\\\/30\\\/apertura-y-gestion-de-nuevos-mercados-internacionales\\\/#primaryimage\"},\"thumbnailUrl\":\"https:\\\/\\\/i0.wp.com\\\/www.iniciativasempresariales.com\\\/blog\\\/wp-content\\\/uploads\\\/2026\\\/04\\\/Captura-de-pantalla-2026-04-27-112437.png?fit=788%2C469&ssl=1\",\"articleSection\":[\"Exportaci\u00f3n e Importaci\u00f3n\"],\"inLanguage\":\"es\"},{\"@type\":\"WebPage\",\"@id\":\"https:\\\/\\\/www.iniciativasempresariales.com\\\/blog\\\/index.php\\\/2026\\\/04\\\/30\\\/apertura-y-gestion-de-nuevos-mercados-internacionales\\\/\",\"url\":\"https:\\\/\\\/www.iniciativasempresariales.com\\\/blog\\\/index.php\\\/2026\\\/04\\\/30\\\/apertura-y-gestion-de-nuevos-mercados-internacionales\\\/\",\"name\":\"Apertura y Gesti\u00f3n de nuevos Mercados Internacionales - Blog Iniciativas Empresariales\",\"isPartOf\":{\"@id\":\"https:\\\/\\\/www.iniciativasempresariales.com\\\/blog\\\/#website\"},\"primaryImageOfPage\":{\"@id\":\"https:\\\/\\\/www.iniciativasempresariales.com\\\/blog\\\/index.php\\\/2026\\\/04\\\/30\\\/apertura-y-gestion-de-nuevos-mercados-internacionales\\\/#primaryimage\"},\"image\":{\"@id\":\"https:\\\/\\\/www.iniciativasempresariales.com\\\/blog\\\/index.php\\\/2026\\\/04\\\/30\\\/apertura-y-gestion-de-nuevos-mercados-internacionales\\\/#primaryimage\"},\"thumbnailUrl\":\"https:\\\/\\\/i0.wp.com\\\/www.iniciativasempresariales.com\\\/blog\\\/wp-content\\\/uploads\\\/2026\\\/04\\\/Captura-de-pantalla-2026-04-27-112437.png?fit=788%2C469&ssl=1\",\"datePublished\":\"2026-04-30T12:00:00+00:00\",\"author\":{\"@id\":\"https:\\\/\\\/www.iniciativasempresariales.com\\\/blog\\\/#\\\/schema\\\/person\\\/0fb69d180496543ed1adbf7bf1d0ce8a\"},\"breadcrumb\":{\"@id\":\"https:\\\/\\\/www.iniciativasempresariales.com\\\/blog\\\/index.php\\\/2026\\\/04\\\/30\\\/apertura-y-gestion-de-nuevos-mercados-internacionales\\\/#breadcrumb\"},\"inLanguage\":\"es\",\"potentialAction\":[{\"@type\":\"ReadAction\",\"target\":[\"https:\\\/\\\/www.iniciativasempresariales.com\\\/blog\\\/index.php\\\/2026\\\/04\\\/30\\\/apertura-y-gestion-de-nuevos-mercados-internacionales\\\/\"]}]},{\"@type\":\"ImageObject\",\"inLanguage\":\"es\",\"@id\":\"https:\\\/\\\/www.iniciativasempresariales.com\\\/blog\\\/index.php\\\/2026\\\/04\\\/30\\\/apertura-y-gestion-de-nuevos-mercados-internacionales\\\/#primaryimage\",\"url\":\"https:\\\/\\\/i0.wp.com\\\/www.iniciativasempresariales.com\\\/blog\\\/wp-content\\\/uploads\\\/2026\\\/04\\\/Captura-de-pantalla-2026-04-27-112437.png?fit=788%2C469&ssl=1\",\"contentUrl\":\"https:\\\/\\\/i0.wp.com\\\/www.iniciativasempresariales.com\\\/blog\\\/wp-content\\\/uploads\\\/2026\\\/04\\\/Captura-de-pantalla-2026-04-27-112437.png?fit=788%2C469&ssl=1\",\"width\":788,\"height\":469},{\"@type\":\"BreadcrumbList\",\"@id\":\"https:\\\/\\\/www.iniciativasempresariales.com\\\/blog\\\/index.php\\\/2026\\\/04\\\/30\\\/apertura-y-gestion-de-nuevos-mercados-internacionales\\\/#breadcrumb\",\"itemListElement\":[{\"@type\":\"ListItem\",\"position\":1,\"name\":\"Portada\",\"item\":\"https:\\\/\\\/www.iniciativasempresariales.com\\\/blog\\\/\"},{\"@type\":\"ListItem\",\"position\":2,\"name\":\"Apertura y Gesti\u00f3n de nuevos Mercados Internacionales\"}]},{\"@type\":\"WebSite\",\"@id\":\"https:\\\/\\\/www.iniciativasempresariales.com\\\/blog\\\/#website\",\"url\":\"https:\\\/\\\/www.iniciativasempresariales.com\\\/blog\\\/\",\"name\":\"Blog Iniciativas Empresariales\",\"description\":\"\",\"potentialAction\":[{\"@type\":\"SearchAction\",\"target\":{\"@type\":\"EntryPoint\",\"urlTemplate\":\"https:\\\/\\\/www.iniciativasempresariales.com\\\/blog\\\/?s={search_term_string}\"},\"query-input\":{\"@type\":\"PropertyValueSpecification\",\"valueRequired\":true,\"valueName\":\"search_term_string\"}}],\"inLanguage\":\"es\"},{\"@type\":\"Person\",\"@id\":\"https:\\\/\\\/www.iniciativasempresariales.com\\\/blog\\\/#\\\/schema\\\/person\\\/0fb69d180496543ed1adbf7bf1d0ce8a\",\"name\":\"Becaris\",\"image\":{\"@type\":\"ImageObject\",\"inLanguage\":\"es\",\"@id\":\"https:\\\/\\\/secure.gravatar.com\\\/avatar\\\/1ba7f82ba3e8bfec5ea7f46ec3335ebf57ee29bd2120fa29eaa61ee1dbc2fb58?s=96&d=mm&r=g\",\"url\":\"https:\\\/\\\/secure.gravatar.com\\\/avatar\\\/1ba7f82ba3e8bfec5ea7f46ec3335ebf57ee29bd2120fa29eaa61ee1dbc2fb58?s=96&d=mm&r=g\",\"contentUrl\":\"https:\\\/\\\/secure.gravatar.com\\\/avatar\\\/1ba7f82ba3e8bfec5ea7f46ec3335ebf57ee29bd2120fa29eaa61ee1dbc2fb58?s=96&d=mm&r=g\",\"caption\":\"Becaris\"},\"url\":\"https:\\\/\\\/www.iniciativasempresariales.com\\\/blog\\\/index.php\\\/author\\\/becaris_ie_2025\\\/\"}]}<\/script>\n<!-- \/ Yoast SEO plugin. -->","yoast_head_json":{"title":"Apertura y Gesti\u00f3n de nuevos Mercados Internacionales - Blog Iniciativas Empresariales","robots":{"index":"index","follow":"follow","max-snippet":"max-snippet:-1","max-image-preview":"max-image-preview:large","max-video-preview":"max-video-preview:-1"},"canonical":"https:\/\/www.iniciativasempresariales.com\/blog\/index.php\/2026\/04\/30\/apertura-y-gestion-de-nuevos-mercados-internacionales\/","og_locale":"es_ES","og_type":"article","og_title":"Apertura y Gesti\u00f3n de nuevos Mercados Internacionales - Blog Iniciativas Empresariales","og_description":"Autor del curso: Javier Guti\u00e9rrez Pascual Apertura y Gesti\u00f3n de nuevos Mercados Internacionales: c\u00f3mo expandir su empresa con criterio, identificar mercados objetivo y encontrar socios comerciales adecuados Crecer en mercados internacionales ya no consiste solo en exportar m\u00e1s. Requiere elegir bien los pa\u00edses objetivo, entender el contexto competitivo, decidir el modelo de entrada m\u00e1s adecuado&hellip;&nbsp;Leer m\u00e1s &raquo;Apertura y Gesti\u00f3n de nuevos Mercados Internacionales","og_url":"https:\/\/www.iniciativasempresariales.com\/blog\/index.php\/2026\/04\/30\/apertura-y-gestion-de-nuevos-mercados-internacionales\/","og_site_name":"Blog Iniciativas Empresariales","article_published_time":"2026-04-30T12:00:00+00:00","og_image":[{"width":788,"height":469,"url":"https:\/\/i0.wp.com\/www.iniciativasempresariales.com\/blog\/wp-content\/uploads\/2026\/04\/Captura-de-pantalla-2026-04-27-112437.png?fit=788%2C469&ssl=1","type":"image\/png"}],"author":"Becaris","twitter_card":"summary_large_image","twitter_misc":{"Escrito por":"Becaris","Tiempo de lectura":"3 minutos"},"schema":{"@context":"https:\/\/schema.org","@graph":[{"@type":"Article","@id":"https:\/\/www.iniciativasempresariales.com\/blog\/index.php\/2026\/04\/30\/apertura-y-gestion-de-nuevos-mercados-internacionales\/#article","isPartOf":{"@id":"https:\/\/www.iniciativasempresariales.com\/blog\/index.php\/2026\/04\/30\/apertura-y-gestion-de-nuevos-mercados-internacionales\/"},"author":{"name":"Becaris","@id":"https:\/\/www.iniciativasempresariales.com\/blog\/#\/schema\/person\/0fb69d180496543ed1adbf7bf1d0ce8a"},"headline":"Apertura y Gesti\u00f3n de nuevos Mercados Internacionales","datePublished":"2026-04-30T12:00:00+00:00","mainEntityOfPage":{"@id":"https:\/\/www.iniciativasempresariales.com\/blog\/index.php\/2026\/04\/30\/apertura-y-gestion-de-nuevos-mercados-internacionales\/"},"wordCount":452,"image":{"@id":"https:\/\/www.iniciativasempresariales.com\/blog\/index.php\/2026\/04\/30\/apertura-y-gestion-de-nuevos-mercados-internacionales\/#primaryimage"},"thumbnailUrl":"https:\/\/i0.wp.com\/www.iniciativasempresariales.com\/blog\/wp-content\/uploads\/2026\/04\/Captura-de-pantalla-2026-04-27-112437.png?fit=788%2C469&ssl=1","articleSection":["Exportaci\u00f3n e Importaci\u00f3n"],"inLanguage":"es"},{"@type":"WebPage","@id":"https:\/\/www.iniciativasempresariales.com\/blog\/index.php\/2026\/04\/30\/apertura-y-gestion-de-nuevos-mercados-internacionales\/","url":"https:\/\/www.iniciativasempresariales.com\/blog\/index.php\/2026\/04\/30\/apertura-y-gestion-de-nuevos-mercados-internacionales\/","name":"Apertura y Gesti\u00f3n de nuevos Mercados Internacionales - Blog Iniciativas Empresariales","isPartOf":{"@id":"https:\/\/www.iniciativasempresariales.com\/blog\/#website"},"primaryImageOfPage":{"@id":"https:\/\/www.iniciativasempresariales.com\/blog\/index.php\/2026\/04\/30\/apertura-y-gestion-de-nuevos-mercados-internacionales\/#primaryimage"},"image":{"@id":"https:\/\/www.iniciativasempresariales.com\/blog\/index.php\/2026\/04\/30\/apertura-y-gestion-de-nuevos-mercados-internacionales\/#primaryimage"},"thumbnailUrl":"https:\/\/i0.wp.com\/www.iniciativasempresariales.com\/blog\/wp-content\/uploads\/2026\/04\/Captura-de-pantalla-2026-04-27-112437.png?fit=788%2C469&ssl=1","datePublished":"2026-04-30T12:00:00+00:00","author":{"@id":"https:\/\/www.iniciativasempresariales.com\/blog\/#\/schema\/person\/0fb69d180496543ed1adbf7bf1d0ce8a"},"breadcrumb":{"@id":"https:\/\/www.iniciativasempresariales.com\/blog\/index.php\/2026\/04\/30\/apertura-y-gestion-de-nuevos-mercados-internacionales\/#breadcrumb"},"inLanguage":"es","potentialAction":[{"@type":"ReadAction","target":["https:\/\/www.iniciativasempresariales.com\/blog\/index.php\/2026\/04\/30\/apertura-y-gestion-de-nuevos-mercados-internacionales\/"]}]},{"@type":"ImageObject","inLanguage":"es","@id":"https:\/\/www.iniciativasempresariales.com\/blog\/index.php\/2026\/04\/30\/apertura-y-gestion-de-nuevos-mercados-internacionales\/#primaryimage","url":"https:\/\/i0.wp.com\/www.iniciativasempresariales.com\/blog\/wp-content\/uploads\/2026\/04\/Captura-de-pantalla-2026-04-27-112437.png?fit=788%2C469&ssl=1","contentUrl":"https:\/\/i0.wp.com\/www.iniciativasempresariales.com\/blog\/wp-content\/uploads\/2026\/04\/Captura-de-pantalla-2026-04-27-112437.png?fit=788%2C469&ssl=1","width":788,"height":469},{"@type":"BreadcrumbList","@id":"https:\/\/www.iniciativasempresariales.com\/blog\/index.php\/2026\/04\/30\/apertura-y-gestion-de-nuevos-mercados-internacionales\/#breadcrumb","itemListElement":[{"@type":"ListItem","position":1,"name":"Portada","item":"https:\/\/www.iniciativasempresariales.com\/blog\/"},{"@type":"ListItem","position":2,"name":"Apertura y Gesti\u00f3n de nuevos Mercados Internacionales"}]},{"@type":"WebSite","@id":"https:\/\/www.iniciativasempresariales.com\/blog\/#website","url":"https:\/\/www.iniciativasempresariales.com\/blog\/","name":"Blog Iniciativas Empresariales","description":"","potentialAction":[{"@type":"SearchAction","target":{"@type":"EntryPoint","urlTemplate":"https:\/\/www.iniciativasempresariales.com\/blog\/?s={search_term_string}"},"query-input":{"@type":"PropertyValueSpecification","valueRequired":true,"valueName":"search_term_string"}}],"inLanguage":"es"},{"@type":"Person","@id":"https:\/\/www.iniciativasempresariales.com\/blog\/#\/schema\/person\/0fb69d180496543ed1adbf7bf1d0ce8a","name":"Becaris","image":{"@type":"ImageObject","inLanguage":"es","@id":"https:\/\/secure.gravatar.com\/avatar\/1ba7f82ba3e8bfec5ea7f46ec3335ebf57ee29bd2120fa29eaa61ee1dbc2fb58?s=96&d=mm&r=g","url":"https:\/\/secure.gravatar.com\/avatar\/1ba7f82ba3e8bfec5ea7f46ec3335ebf57ee29bd2120fa29eaa61ee1dbc2fb58?s=96&d=mm&r=g","contentUrl":"https:\/\/secure.gravatar.com\/avatar\/1ba7f82ba3e8bfec5ea7f46ec3335ebf57ee29bd2120fa29eaa61ee1dbc2fb58?s=96&d=mm&r=g","caption":"Becaris"},"url":"https:\/\/www.iniciativasempresariales.com\/blog\/index.php\/author\/becaris_ie_2025\/"}]}},"jetpack_featured_media_url":"https:\/\/i0.wp.com\/www.iniciativasempresariales.com\/blog\/wp-content\/uploads\/2026\/04\/Captura-de-pantalla-2026-04-27-112437.png?fit=788%2C469&ssl=1","jetpack_sharing_enabled":true,"_links":{"self":[{"href":"https:\/\/www.iniciativasempresariales.com\/blog\/index.php\/wp-json\/wp\/v2\/posts\/1083","targetHints":{"allow":["GET"]}}],"collection":[{"href":"https:\/\/www.iniciativasempresariales.com\/blog\/index.php\/wp-json\/wp\/v2\/posts"}],"about":[{"href":"https:\/\/www.iniciativasempresariales.com\/blog\/index.php\/wp-json\/wp\/v2\/types\/post"}],"author":[{"embeddable":true,"href":"https:\/\/www.iniciativasempresariales.com\/blog\/index.php\/wp-json\/wp\/v2\/users\/3"}],"replies":[{"embeddable":true,"href":"https:\/\/www.iniciativasempresariales.com\/blog\/index.php\/wp-json\/wp\/v2\/comments?post=1083"}],"version-history":[{"count":1,"href":"https:\/\/www.iniciativasempresariales.com\/blog\/index.php\/wp-json\/wp\/v2\/posts\/1083\/revisions"}],"predecessor-version":[{"id":1084,"href":"https:\/\/www.iniciativasempresariales.com\/blog\/index.php\/wp-json\/wp\/v2\/posts\/1083\/revisions\/1084"}],"wp:featuredmedia":[{"embeddable":true,"href":"https:\/\/www.iniciativasempresariales.com\/blog\/index.php\/wp-json\/wp\/v2\/media\/1080"}],"wp:attachment":[{"href":"https:\/\/www.iniciativasempresariales.com\/blog\/index.php\/wp-json\/wp\/v2\/media?parent=1083"}],"wp:term":[{"taxonomy":"category","embeddable":true,"href":"https:\/\/www.iniciativasempresariales.com\/blog\/index.php\/wp-json\/wp\/v2\/categories?post=1083"},{"taxonomy":"post_tag","embeddable":true,"href":"https:\/\/www.iniciativasempresariales.com\/blog\/index.php\/wp-json\/wp\/v2\/tags?post=1083"}],"curies":[{"name":"wp","href":"https:\/\/api.w.org\/{rel}","templated":true}]}}